{"id":18961,"date":"2024-03-04T09:09:35","date_gmt":"2024-03-04T12:09:35","guid":{"rendered":"https:\/\/maxradio923.com.ar\/index.php\/2024\/03\/04\/solicitan-remocion-de-decano-por-acusaciones-de-acoso-sexual-y-laboral\/"},"modified":"2024-03-04T09:09:35","modified_gmt":"2024-03-04T12:09:35","slug":"solicitan-remocion-de-decano-por-acusaciones-de-acoso-sexual-y-laboral","status":"publish","type":"post","link":"https:\/\/maxradio923.com.ar\/index.php\/2024\/03\/04\/solicitan-remocion-de-decano-por-acusaciones-de-acoso-sexual-y-laboral\/","title":{"rendered":"Solicitan Remoci\u00f3n de Decano por Acusaciones de Acoso Sexual y Laboral"},"content":{"rendered":"<p><img decoding=\"async\" src=\"https:\/\/diariod3.com\/wp-content\/uploads\/2024\/03\/F_EXACTAS_UNSJ-scaled.jpg\"\/><\/p>\n<p>El sumario administrativo concluyente, respaldado por pruebas sustanciales, detalla que Bloch intimid\u00f3 a una empleada, ejerciendo presi\u00f3n tanto personalmente como a trav\u00e9s de intermediarios.<\/p>\n<p>La instrucci\u00f3n del caso ha llevado a una solicitud inusual y contundente por parte de la instructora, pidiendo la destituci\u00f3n del decano de su posici\u00f3n como titular de la unidad acad\u00e9mica. Este pedido, seg\u00fan fuentes universitarias, no tiene precedentes en la UNSJ ni a nivel nacional.<\/p>\n<p>Aunque la informaci\u00f3n del sumario sali\u00f3 a principios de febrero, su trascendencia fue notoria la semana pasada en la UNSJ. Bloch, quien lidera la Facultad de Ciencias Exactas, hab\u00eda cursado una invitaci\u00f3n a la reconocida investigadora Dora Barrancos para un evento en la facultad, pero se retir\u00f3 de participar finalmente.<\/p>\n<p>El esc\u00e1ndalo surgi\u00f3 en junio del a\u00f1o pasado, cuando la denunciante present\u00f3 formalmente sus quejas en la Oficina por la Igualdad de G\u00e9nero, contra las Violencias y la Discriminaci\u00f3n de la UNSJ en marzo de ese mismo a\u00f1o. Las pruebas incluyeron mensajes de texto con contenido sexual y testimonios de terceros que confirmaron la situaci\u00f3n.<\/p>\n<p>Ahora, Bloch tiene la oportunidad de presentar su defensa y evidencias contrarias. Sin embargo, las probabilidades de revertir la solicitud de remoci\u00f3n son consideradas m\u00ednimas, seg\u00fan antecedentes similares.<\/p>\n<p>En el eventual caso de que se mantenga la formulaci\u00f3n de cargos, el informe final ser\u00eda enviado al rector Tadeo Berenguer, quien lo remitir\u00eda a la Direcci\u00f3n General de Asuntos Legales. Posteriormente, esta entidad emitir\u00eda un dictamen que ser\u00eda remitido al Consejo Superior de la UNSJ. El Consejo Superior, a su vez, propondr\u00eda la sanci\u00f3n a la Asamblea Universitaria, el \u00f3rgano m\u00e1ximo universitario, para tomar la decisi\u00f3n final.<\/p>\n<p>Bloch ha negado las acusaciones, calific\u00e1ndolas como falsas y parte de una \u00aboperaci\u00f3n\u00bb para da\u00f1ar su reputaci\u00f3n personal y como referente de la pol\u00edtica universitaria. Asegura que el sumario ser\u00e1 clave para demostrar la mendacidad de las acusaciones y sostiene que la denuncia, independientemente de su resultado, ya ha causado un perjuicio a su imagen en los medios.<\/p>\n<p>Op: Juan Llarena<\/p>\n<p>La entrada Solicitan Remoci\u00f3n de Decano por Acusaciones de Acoso Sexual y Laboral se public\u00f3 primero en DIARIO D3 NOTICIAS | SAN JUAN ARGENTINA.<\/p>\n","protected":false},"excerpt":{"rendered":"<p>El sumario administrativo concluyente, respaldado por pruebas sustanciales, detalla que Bloch intimid\u00f3 a una empleada, ejerciendo presi\u00f3n tanto personalmente como a trav\u00e9s de intermediarios.<br \/>\n La instrucci\u00f3n del caso ha llevado a una solicitud inusual y contundente por parte de la instructora, pidiendo la destituci\u00f3n del decano de su posici\u00f3n como titular de la unidad acad\u00e9mica. Este pedido, seg\u00fan fuentes universitarias, no tiene precedentes en la UNSJ ni a nivel nacional.<br \/>\n Aunque la informaci\u00f3n del sumario sali\u00f3 a principios de febrero, su trascendencia fue notoria la semana pasada en la UNSJ. Bloch, quien lidera la Facultad de Ciencias Exactas, hab\u00eda cursado una invitaci\u00f3n a la reconocida investigadora Dora Barrancos para un evento en la facultad, pero se retir\u00f3 de participar finalmente.<br \/>\n El esc\u00e1ndalo surgi\u00f3 en junio del a\u00f1o pasado, cuando la denunciante present\u00f3 formalmente sus quejas en la Oficina por la Igualdad de G\u00e9nero, contra las Violencias y la Discriminaci\u00f3n de la UNSJ en mar..<\/p>\n","protected":false},"author":2,"featured_media":18962,"comment_status":"","ping_status":"","sticky":false,"template":"","format":"standard","meta":{"footnotes":""},"categories":[8],"tags":[],"_links":{"self":[{"href":"https:\/\/maxradio923.com.ar\/index.php\/wp-json\/wp\/v2\/posts\/18961"}],"collection":[{"href":"https:\/\/maxradio923.com.ar\/index.php\/wp-json\/wp\/v2\/posts"}],"about":[{"href":"https:\/\/maxradio923.com.ar\/index.php\/wp-json\/wp\/v2\/types\/post"}],"author":[{"embeddable":true,"href":"https:\/\/maxradio923.com.ar\/index.php\/wp-json\/wp\/v2\/users\/2"}],"replies":[{"embeddable":true,"href":"https:\/\/maxradio923.com.ar\/index.php\/wp-json\/wp\/v2\/comments?post=18961"}],"version-history":[{"count":0,"href":"https:\/\/maxradio923.com.ar\/index.php\/wp-json\/wp\/v2\/posts\/18961\/revisions"}],"wp:featuredmedia":[{"embeddable":true,"href":"https:\/\/maxradio923.com.ar\/index.php\/wp-json\/wp\/v2\/media\/18962"}],"wp:attachment":[{"href":"https:\/\/maxradio923.com.ar\/index.php\/wp-json\/wp\/v2\/media?parent=18961"}],"wp:term":[{"taxonomy":"category","embeddable":true,"href":"https:\/\/maxradio923.com.ar\/index.php\/wp-json\/wp\/v2\/categories?post=18961"},{"taxonomy":"post_tag","embeddable":true,"href":"https:\/\/maxradio923.com.ar\/index.php\/wp-json\/wp\/v2\/tags?post=18961"}],"curies":[{"name":"wp","href":"https:\/\/api.w.org\/{rel}","templated":true}]}}