{"id":18955,"date":"2024-03-04T09:09:19","date_gmt":"2024-03-04T12:09:19","guid":{"rendered":"https:\/\/maxradio923.com.ar\/index.php\/2024\/03\/04\/sandra-pettovello-contra-los-movimientos-sociales-aprovechan-la-vulnerabilidad-para-hacer-negocios\/"},"modified":"2024-03-04T09:09:19","modified_gmt":"2024-03-04T12:09:19","slug":"sandra-pettovello-contra-los-movimientos-sociales-aprovechan-la-vulnerabilidad-para-hacer-negocios","status":"publish","type":"post","link":"https:\/\/maxradio923.com.ar\/index.php\/2024\/03\/04\/sandra-pettovello-contra-los-movimientos-sociales-aprovechan-la-vulnerabilidad-para-hacer-negocios\/","title":{"rendered":"Sandra Pettovello, contra los movimientos sociales: \u00abAprovechan la vulnerabilidad para hacer negocios\u00bb"},"content":{"rendered":"<p><img decoding=\"async\" src=\"https:\/\/diariod3.com\/wp-content\/uploads\/2024\/03\/pettovello-1200jpg.png\"\/><\/p>\n<p>La ministra de Capital Humano,<strong> Sandra Pettovello<\/strong>, se refiri\u00f3 a la denuncia presentada por el militante social, <strong>Juan Grabois,<\/strong> quien la acus\u00f3 de por<strong> \u00abincumplimiento de los deberes de funcionario p\u00fablico\u00bb<\/strong> y por <strong>\u00absuspender la entrega de alimentos b\u00e1sicos a los comedores\u00bb<\/strong>. La funcionaria del gobierno actual decidi\u00f3 no responder personalmente, aunque arremeti\u00f3 directamente contra los movimientos sociales y los acus\u00f3 de \u00ab<strong>aprovechar la vulnerabilidad de la gente para hacer negocios<\/strong>\u00ab.<\/p>\n<p>\u00abNo le voy a responder a <strong>Grabois.<\/strong> Les importa mucho el modo en el que se distribuye la pol\u00edtica alimentaria y<strong> nosotros planificamos que sea de otra manera<\/strong>, que evidentemente a los organizadores de las organizaciones sociales no les conviene\u00bb, cuestion\u00f3 la ministra.<\/p>\n<p>En ese sentido, aclar\u00f3 que desde su cartera cuentan con \u201corganismos internacionales que auditan el dinero que les damos para las organizaciones conseguimos esa transparencia\u201d.<\/p>\n<p>De esta manera, volvi\u00f3 a enfatizar sus cr\u00edticas contra Grabois, sin mencionarlo directamente, y apunt\u00f3: \u00abAprovechar la vulnerabilidad de la gente para hacer negocios<strong> es abominable.<\/strong> Hay gente de la que no voy a hablar, cada quien sabe lo que hace. Pero<strong> estamos auditando todo lo que corresponde al Ministerio y lo que fuimos encontrando hicimos las denuncias pertinentes\u00bb, asegur\u00f3.<\/strong><\/p>\n<h2><strong>Juan Grabois present\u00f3 una denuncia contra Pettovello por \u00abincumplimiento de los deberes de funcionario p\u00fablico\u00bb<\/strong><\/h2>\n<p>El exprecandidato presidencial de Uni\u00f3n por la Patria hab\u00eda presentado una denuncia contra <strong>Pettovello<\/strong> por \u00abviolar normas que ordenan garantizar el alimento a quienes est\u00e1n padeciendo situaciones de extrema pobreza e<strong> incumpliendo sus obligaciones como ministra con competencia directa en el tema<\/strong>\u201d.<\/p>\n<p>El Juzgado Federal N\u00b07, del magistrado <strong>Sebasti\u00e1n Casanello<\/strong>, tiene a cargo esta presentaci\u00f3n. <strong>Grabois<\/strong> cuenta con el patrocinio del abogado Nicol\u00e1s Rechanik.<\/p>\n<h2>Potenciar Trabajo: Pettovello explic\u00f3 la disoluci\u00f3n del plan<\/h2>\n<p>Por otro lado, la titular de Capital Humano habl\u00f3 de los nuevos planes de asistencia social: <strong>\u00abVolver al trabajo\u00bb y \u00abPrograma de Acompa\u00f1amiento Social\u00bb, que reemplazar\u00e1n al Potenciar Trabajo.<\/strong><\/p>\n<p>\u201cDecidimos segmentar el plan <strong>porque el objetivo no se cumpli\u00f3. <\/strong>De todos los planes Potenciar <strong>solo el 1,3% consigui\u00f3 trabajo.<\/strong> De todo ese universo, <strong>hay mucha vulnerabilidad y tiene menos posibilidades de entrar al mercado laboral<\/strong>\u201d, explic\u00f3.<\/p>\n<p>Sobre este punto, detall\u00f3: \u201c<strong>Hay gente que tiene miedo de aceptar el trabajo y que le saquen del plan<\/strong>\u201d.<\/p>\n<p>Adem\u00e1s, sostuvo que es importante \u00abmodernizarse\u00bb en cuanto a las pol\u00edticas laborales: \u00abHoy los trabajos son diferentes.<strong> Yo creo que hay que aggiornarse a las nuevas formas de trabajar. <\/strong>La flexibilizaci\u00f3n laboral no quiere decir ir en contra de los derechos de los trabajadores sino que va a posibilitar que la gente pueda trabajar\u00bb, explic\u00f3 la ministra.<\/p>\n<p>Fuente: \u00c1mbito<\/p>\n<p>Rivero. C<\/p>\n<p>La entrada <a href=\"https:\/\/diariod3.com\/sandra-pettovello-contra-los-movimientos-sociales-aprovechan-la-vulnerabilidad-para-hacer-negocios\/\" rel=\"noreferrer noopener\" target=\"_blank\">Sandra Pettovello, contra los movimientos sociales: \u00abAprovechan la vulnerabilidad para hacer negocios\u00bb<\/a> se public\u00f3 primero en <a href=\"https:\/\/diariod3.com\/\" rel=\"noreferrer noopener\" target=\"_blank\">DIARIO D3 NOTICIAS | SAN JUAN ARGENTINA<\/a>.<\/p>\n","protected":false},"excerpt":{"rendered":"<p>La ministra de Capital Humano, Sandra Pettovello, se refiri\u00f3 a la denuncia presentada por el militante social, Juan Grabois, quien la acus\u00f3 de por \u00abincumplimiento de los deberes de funcionario p\u00fablico\u00bb y por \u00absuspender la entrega de alimentos b\u00e1sicos a los comedores\u00bb. La funcionaria del gobierno actual decidi\u00f3 no responder personalmente, aunque arremeti\u00f3 directamente contra los movimientos sociales y los acus\u00f3 de \u00abaprovechar la vulnerabilidad de la gente para hacer negocios\u00ab.<\/p>\n<p>\u00abNo le voy a responder a Grabois. Les importa mucho el modo en el que se distribuye la pol\u00edtica alimentaria y nosotros planificamos que sea de otra manera, que evidentemente a los organizadores de las organizaciones sociales no les conviene\u00bb, cuestion\u00f3 la ministra.<\/p>\n<p>En ese sentido, aclar\u00f3 que desde su cartera cuentan con \u201corganismos internacionales que auditan el dinero que les damos para las organizaciones conseguimos esa transparencia\u201d.<\/p>\n<p>De esta manera, volvi\u00f3 a enfatizar sus cr\u00edticas contra Grabois, sin mencio..<\/p>\n","protected":false},"author":2,"featured_media":18956,"comment_status":"","ping_status":"","sticky":false,"template":"","format":"standard","meta":{"footnotes":""},"categories":[12],"tags":[],"_links":{"self":[{"href":"https:\/\/maxradio923.com.ar\/index.php\/wp-json\/wp\/v2\/posts\/18955"}],"collection":[{"href":"https:\/\/maxradio923.com.ar\/index.php\/wp-json\/wp\/v2\/posts"}],"about":[{"href":"https:\/\/maxradio923.com.ar\/index.php\/wp-json\/wp\/v2\/types\/post"}],"author":[{"embeddable":true,"href":"https:\/\/maxradio923.com.ar\/index.php\/wp-json\/wp\/v2\/users\/2"}],"replies":[{"embeddable":true,"href":"https:\/\/maxradio923.com.ar\/index.php\/wp-json\/wp\/v2\/comments?post=18955"}],"version-history":[{"count":0,"href":"https:\/\/maxradio923.com.ar\/index.php\/wp-json\/wp\/v2\/posts\/18955\/revisions"}],"wp:featuredmedia":[{"embeddable":true,"href":"https:\/\/maxradio923.com.ar\/index.php\/wp-json\/wp\/v2\/media\/18956"}],"wp:attachment":[{"href":"https:\/\/maxradio923.com.ar\/index.php\/wp-json\/wp\/v2\/media?parent=18955"}],"wp:term":[{"taxonomy":"category","embeddable":true,"href":"https:\/\/maxradio923.com.ar\/index.php\/wp-json\/wp\/v2\/categories?post=18955"},{"taxonomy":"post_tag","embeddable":true,"href":"https:\/\/maxradio923.com.ar\/index.php\/wp-json\/wp\/v2\/tags?post=18955"}],"curies":[{"name":"wp","href":"https:\/\/api.w.org\/{rel}","templated":true}]}}