{"id":1869,"date":"2023-09-05T14:44:49","date_gmt":"2023-09-05T12:44:49","guid":{"rendered":"https:\/\/maxradio923.com\/index.php\/2023\/09\/05\/patricia-bullrich-presento-a-su-eventual-equipo-de-gobierno-los-nombres-y-cargos\/"},"modified":"2023-09-05T14:44:49","modified_gmt":"2023-09-05T12:44:49","slug":"patricia-bullrich-presento-a-su-eventual-equipo-de-gobierno-los-nombres-y-cargos","status":"publish","type":"post","link":"https:\/\/maxradio923.com.ar\/index.php\/2023\/09\/05\/patricia-bullrich-presento-a-su-eventual-equipo-de-gobierno-los-nombres-y-cargos\/","title":{"rendered":"Patricia Bullrich present\u00f3 a su eventual equipo de gobierno: los nombres y cargos"},"content":{"rendered":"<p><img decoding=\"async\" src=\"https:\/\/diariod3.com\/inicio\/wp-content\/uploads\/2023\/09\/bullrich.jpg_1536916664.png\"\/><\/p>\n<p>La candidata presidencial de Juntos por el Cambio, Patricia Bullrich, present\u00f3 este lunes a su eventual equipo de gobierno en el caso de que ganar las elecciones y, adem\u00e1s de Carlos Melconi\u00e1n, aparecen en lugares de importancia Federico Pinedo y Joaqu\u00edn de la Torre. El encuentro, que tuvo lugar en un hotel de Recoleta, estuvo coordinado por el asesor Alberto Forhig.<\/p>\n<p>Bullrich viene de presentar oficialmente la semana pasada a Melconian como su posible ministro de Econom\u00eda y su vocero del \u00e1rea de cara a los comicios del 22 de octubre octubre.<\/p>\n<p>Ahora, la ex ministra de Seguridad anunci\u00f3 las otras \u00e1reas en las que tendr\u00e1 diversas figuras de su espacio llevando sus ideas de gobierno.<\/p>\n<p>Por ejemplo, el \u00e1rea de pol\u00edtica exterior estar\u00e1 a cargo de Federico Pinedo (PRO); Joaqu\u00edn De la Torre (de origen peronista) se encargar\u00e1 de los temas sociales; Fabio Quetglas (UCR) har\u00e1 lo propio en educaci\u00f3n; Bernardo Saravia Fr\u00edas representar\u00e1 a Bullrich en temas institucionales; y Silvia Lospennato (PRO) en cuestiones de g\u00e9nero.<\/p>\n<p>Tras quedarse con la interna de JxC, Bullrich se encarg\u00f3 de reagrupar a los dirigentes, intendentes y gobernadores que jugaron para el jefe de Gobierno porte\u00f1o, Horacio Rodr\u00edguez Larreta, y de perfilar su estrategia electoral.<\/p>\n<p><strong>El detalle de los nuevos nombres<\/strong><\/p>\n<p>De la Torre vuelve a incorporarse a las filas de la presidencialista, tras quedar relegado en la carrera por la precandidatura a la Gobernaci\u00f3n de Buenos Aires. Junto a Javier Iguacel, fue uno de los nombres que son\u00f3 fuerte para encabezar la boleta en el territorio bonaerense.<\/p>\n<p>Sin embargo, Bullrich se termin\u00f3 inclinando por el intendente de Lan\u00fas, en uso de licencia, y actual candidato al sill\u00f3n de Dardo Rocha de JxC, N\u00e9stor Grindetti. De la Torre tendr\u00e1 entre sus manos un tema sensible como los planes sociales.<\/p>\n<p>Otro de los nombres que se destacan en la lista de \u00abnuevas caras\u00bb es el de Lospennato, una de una de las figuras del PRO, que en las PASO 2023 se inclin\u00f3 por Rodr\u00edguez Larreta.<\/p>\n<p>Por su parte, Pinedo es uno de los alfiles hist\u00f3ricos del equipo de Bullrich y se perfila tambi\u00e9n para ser su eventual ministro de Relaciones Exteriores.<\/p>\n<p>Quetglas es un diputado de la Uni\u00f3n C\u00edvica Radical con v\u00ednculos con el radicalismo bonaerense.<\/p>\n<p>Mientras que Saravia Fr\u00edas fue procurador del Tesoro de la Naci\u00f3n. Reemplaz\u00f3, en 2017, a Carlos Balb\u00edn. Antes, fue secretario de Legal y T\u00e9cnica del Ministerio de Hacienda, de Nicol\u00e1s Dujovne.<\/p>\n<p>De la reuni\u00f3n tambi\u00e9n participaron los larretistas Fern\u00e1n Quir\u00f3s y Soledad Acu\u00f1a; el diputado nacional Jos\u00e9 Luis Espert; Alberto Assef; y Fernando S\u00e1nchez, entre otros.<\/p>\n<p><strong>FUENTE: DDC<\/strong><\/p>\n<p><strong>OPERADOR: ANA PAULA CARRASCO<\/strong><\/p>\n<p>La entrada <a href=\"https:\/\/diariod3.com\/inicio\/patricia-bullrich-presento-a-su-eventual-equipo-de-gobierno-los-nombres-y-cargos\/\" rel=\"noreferrer noopener\" target=\"_blank\">Patricia Bullrich present\u00f3 a su eventual equipo de gobierno: los nombres y cargos<\/a> se public\u00f3 primero en <a href=\"https:\/\/diariod3.com\/inicio\" rel=\"noreferrer noopener\" target=\"_blank\">DIARIO D3 NOTICIAS<\/a>.<\/p>\n","protected":false},"excerpt":{"rendered":"<p>La candidata presidencial de Juntos por el Cambio, Patricia Bullrich, present\u00f3 este lunes a su eventual equipo de gobierno en el caso de que ganar las elecciones y, adem\u00e1s de Carlos Melconi\u00e1n, aparecen en lugares de importancia Federico Pinedo y Joaqu\u00edn de la Torre. El encuentro, que tuvo lugar en un hotel de Recoleta, estuvo [&hellip;]<\/p>\n","protected":false},"author":2,"featured_media":1870,"comment_status":"","ping_status":"","sticky":false,"template":"","format":"standard","meta":{"footnotes":""},"categories":[12],"tags":[],"_links":{"self":[{"href":"https:\/\/maxradio923.com.ar\/index.php\/wp-json\/wp\/v2\/posts\/1869"}],"collection":[{"href":"https:\/\/maxradio923.com.ar\/index.php\/wp-json\/wp\/v2\/posts"}],"about":[{"href":"https:\/\/maxradio923.com.ar\/index.php\/wp-json\/wp\/v2\/types\/post"}],"author":[{"embeddable":true,"href":"https:\/\/maxradio923.com.ar\/index.php\/wp-json\/wp\/v2\/users\/2"}],"replies":[{"embeddable":true,"href":"https:\/\/maxradio923.com.ar\/index.php\/wp-json\/wp\/v2\/comments?post=1869"}],"version-history":[{"count":0,"href":"https:\/\/maxradio923.com.ar\/index.php\/wp-json\/wp\/v2\/posts\/1869\/revisions"}],"wp:featuredmedia":[{"embeddable":true,"href":"https:\/\/maxradio923.com.ar\/index.php\/wp-json\/wp\/v2\/media\/1870"}],"wp:attachment":[{"href":"https:\/\/maxradio923.com.ar\/index.php\/wp-json\/wp\/v2\/media?parent=1869"}],"wp:term":[{"taxonomy":"category","embeddable":true,"href":"https:\/\/maxradio923.com.ar\/index.php\/wp-json\/wp\/v2\/categories?post=1869"},{"taxonomy":"post_tag","embeddable":true,"href":"https:\/\/maxradio923.com.ar\/index.php\/wp-json\/wp\/v2\/tags?post=1869"}],"curies":[{"name":"wp","href":"https:\/\/api.w.org\/{rel}","templated":true}]}}