{"id":18666,"date":"2024-03-01T09:15:37","date_gmt":"2024-03-01T12:15:37","guid":{"rendered":"https:\/\/maxradio923.com.ar\/index.php\/2024\/03\/01\/por-primera-vez-una-provincia-argentina-cobrara-170-000-diarios-a-los-extranjeros-por-usar-los-hospitales-publicos\/"},"modified":"2024-03-01T09:15:37","modified_gmt":"2024-03-01T12:15:37","slug":"por-primera-vez-una-provincia-argentina-cobrara-170-000-diarios-a-los-extranjeros-por-usar-los-hospitales-publicos","status":"publish","type":"post","link":"https:\/\/maxradio923.com.ar\/index.php\/2024\/03\/01\/por-primera-vez-una-provincia-argentina-cobrara-170-000-diarios-a-los-extranjeros-por-usar-los-hospitales-publicos\/","title":{"rendered":"Por primera vez, una provincia argentina cobrar\u00e1 $170.000 diarios a los extranjeros por usar los hospitales p\u00fablicos"},"content":{"rendered":"<ul>\n<li>&quot;Estamos haciendo lo que ellos hacen con nuestros habitantes&quot;, justific\u00f3 ante Clar\u00edn el ex Secretario de Salud del gobernador salte\u00f1o, Gustavo Saenz.<\/li>\n<li>Otras provincias podr\u00edan hacer lo mismo.<\/li>\n<li>En Salta admiten el kirchnerismo nunca permiti\u00f3 tomar este tipo de medidas &quot;por su alineaci\u00f3n con Evo Morales&quot;.<\/li>\n<\/ul>\n","protected":false},"excerpt":{"rendered":"<p>&#8220;Estamos haciendo lo que ellos hacen con nuestros habitantes&#8221;, justific\u00f3 ante Clar\u00edn el ex Secretario de Salud del gobernador salte\u00f1o, Gustavo Saenz.Otras provincias podr\u00edan hacer lo mismo.En Salta admiten el kirchnerismo nunca permiti\u00f3 tomar este tipo de medidas &#8220;por su alineaci\u00f3n con Evo Morales&#8221;.<\/p>\n","protected":false},"author":2,"featured_media":18667,"comment_status":"","ping_status":"","sticky":false,"template":"","format":"standard","meta":{"footnotes":""},"categories":[9],"tags":[],"_links":{"self":[{"href":"https:\/\/maxradio923.com.ar\/index.php\/wp-json\/wp\/v2\/posts\/18666"}],"collection":[{"href":"https:\/\/maxradio923.com.ar\/index.php\/wp-json\/wp\/v2\/posts"}],"about":[{"href":"https:\/\/maxradio923.com.ar\/index.php\/wp-json\/wp\/v2\/types\/post"}],"author":[{"embeddable":true,"href":"https:\/\/maxradio923.com.ar\/index.php\/wp-json\/wp\/v2\/users\/2"}],"replies":[{"embeddable":true,"href":"https:\/\/maxradio923.com.ar\/index.php\/wp-json\/wp\/v2\/comments?post=18666"}],"version-history":[{"count":0,"href":"https:\/\/maxradio923.com.ar\/index.php\/wp-json\/wp\/v2\/posts\/18666\/revisions"}],"wp:featuredmedia":[{"embeddable":true,"href":"https:\/\/maxradio923.com.ar\/index.php\/wp-json\/wp\/v2\/media\/18667"}],"wp:attachment":[{"href":"https:\/\/maxradio923.com.ar\/index.php\/wp-json\/wp\/v2\/media?parent=18666"}],"wp:term":[{"taxonomy":"category","embeddable":true,"href":"https:\/\/maxradio923.com.ar\/index.php\/wp-json\/wp\/v2\/categories?post=18666"},{"taxonomy":"post_tag","embeddable":true,"href":"https:\/\/maxradio923.com.ar\/index.php\/wp-json\/wp\/v2\/tags?post=18666"}],"curies":[{"name":"wp","href":"https:\/\/api.w.org\/{rel}","templated":true}]}}