{"id":18664,"date":"2024-02-29T21:44:05","date_gmt":"2024-03-01T00:44:05","guid":{"rendered":"https:\/\/maxradio923.com.ar\/index.php\/2024\/02\/29\/negociados-en-el-inder-y-la-polemica-gestion-de-alberto-fernandez-al-frente-de-la-superintendencia-de-seguros\/"},"modified":"2024-02-29T21:44:05","modified_gmt":"2024-03-01T00:44:05","slug":"negociados-en-el-inder-y-la-polemica-gestion-de-alberto-fernandez-al-frente-de-la-superintendencia-de-seguros","status":"publish","type":"post","link":"https:\/\/maxradio923.com.ar\/index.php\/2024\/02\/29\/negociados-en-el-inder-y-la-polemica-gestion-de-alberto-fernandez-al-frente-de-la-superintendencia-de-seguros\/","title":{"rendered":"Negociados en el INDER y la pol\u00e9mica gesti\u00f3n de Alberto Fern\u00e1ndez al frente de la superintendencia de Seguros"},"content":{"rendered":"<ul>\n<li>El ex presidente fue superintendente de Servicios de Salud con Menem y particip\u00f3 del intento de liquidar el Instituto de Reaseguros de la Naci\u00f3n (INDER). Colaboradores procesados, el libro &quot;Saqueo Asegurado&quot; apoyado por Cavallo y una denuncia de censura caracterizaron su gesti\u00f3n.<\/li>\n<\/ul>\n","protected":false},"excerpt":{"rendered":"<p>El ex presidente fue superintendente de Servicios de Salud con Menem y particip\u00f3 del intento de liquidar el Instituto de Reaseguros de la Naci\u00f3n (INDER). Colaboradores procesados, el libro &#8220;Saqueo Asegurado&#8221; apoyado por Cavallo y una denuncia de censura caracterizaron su gesti\u00f3n.<\/p>\n","protected":false},"author":2,"featured_media":18665,"comment_status":"","ping_status":"","sticky":false,"template":"","format":"standard","meta":{"footnotes":""},"categories":[7],"tags":[],"_links":{"self":[{"href":"https:\/\/maxradio923.com.ar\/index.php\/wp-json\/wp\/v2\/posts\/18664"}],"collection":[{"href":"https:\/\/maxradio923.com.ar\/index.php\/wp-json\/wp\/v2\/posts"}],"about":[{"href":"https:\/\/maxradio923.com.ar\/index.php\/wp-json\/wp\/v2\/types\/post"}],"author":[{"embeddable":true,"href":"https:\/\/maxradio923.com.ar\/index.php\/wp-json\/wp\/v2\/users\/2"}],"replies":[{"embeddable":true,"href":"https:\/\/maxradio923.com.ar\/index.php\/wp-json\/wp\/v2\/comments?post=18664"}],"version-history":[{"count":0,"href":"https:\/\/maxradio923.com.ar\/index.php\/wp-json\/wp\/v2\/posts\/18664\/revisions"}],"wp:featuredmedia":[{"embeddable":true,"href":"https:\/\/maxradio923.com.ar\/index.php\/wp-json\/wp\/v2\/media\/18665"}],"wp:attachment":[{"href":"https:\/\/maxradio923.com.ar\/index.php\/wp-json\/wp\/v2\/media?parent=18664"}],"wp:term":[{"taxonomy":"category","embeddable":true,"href":"https:\/\/maxradio923.com.ar\/index.php\/wp-json\/wp\/v2\/categories?post=18664"},{"taxonomy":"post_tag","embeddable":true,"href":"https:\/\/maxradio923.com.ar\/index.php\/wp-json\/wp\/v2\/tags?post=18664"}],"curies":[{"name":"wp","href":"https:\/\/api.w.org\/{rel}","templated":true}]}}