{"id":18656,"date":"2024-02-29T21:43:46","date_gmt":"2024-03-01T00:43:46","guid":{"rendered":"https:\/\/maxradio923.com.ar\/index.php\/2024\/02\/29\/el-regreso-que-faltaba-del-rock-de-los-anos-80-git-con-pablo-guyot-y-alfredo-toth-tras-un-infarto-y-sin-willy-iturri\/"},"modified":"2024-02-29T21:43:46","modified_gmt":"2024-03-01T00:43:46","slug":"el-regreso-que-faltaba-del-rock-de-los-anos-80-git-con-pablo-guyot-y-alfredo-toth-tras-un-infarto-y-sin-willy-iturri","status":"publish","type":"post","link":"https:\/\/maxradio923.com.ar\/index.php\/2024\/02\/29\/el-regreso-que-faltaba-del-rock-de-los-anos-80-git-con-pablo-guyot-y-alfredo-toth-tras-un-infarto-y-sin-willy-iturri\/","title":{"rendered":"El regreso que faltaba del rock de los a\u00f1os &#8217;80: GIT, con Pablo Guyot y Alfredo Toth, tras un infarto y sin Willy Iturri"},"content":{"rendered":"<ul>\n<li>Son dos figuras hist\u00f3ricas que tocaron con los m\u00e1s grandes.<\/li>\n<li>Vuelven a los escenarios rebautizados como &quot;GYT&quot; y tocar\u00e1n sus grandes \u00e9xitos.<\/li>\n<li>La \u00faltima reuni\u00f3n hab\u00eda sido en 2018.<\/li>\n<\/ul>\n","protected":false},"excerpt":{"rendered":"<p>Son dos figuras hist\u00f3ricas que tocaron con los m\u00e1s grandes. Vuelven a los escenarios rebautizados como &quot;GYT&quot; y tocar\u00e1n sus grandes \u00e9xitos. La \u00faltima reuni\u00f3n hab\u00eda sido en 2018.<\/p>\n","protected":false},"author":2,"featured_media":18657,"comment_status":"","ping_status":"","sticky":false,"template":"","format":"standard","meta":{"footnotes":""},"categories":[4],"tags":[],"_links":{"self":[{"href":"https:\/\/maxradio923.com.ar\/index.php\/wp-json\/wp\/v2\/posts\/18656"}],"collection":[{"href":"https:\/\/maxradio923.com.ar\/index.php\/wp-json\/wp\/v2\/posts"}],"about":[{"href":"https:\/\/maxradio923.com.ar\/index.php\/wp-json\/wp\/v2\/types\/post"}],"author":[{"embeddable":true,"href":"https:\/\/maxradio923.com.ar\/index.php\/wp-json\/wp\/v2\/users\/2"}],"replies":[{"embeddable":true,"href":"https:\/\/maxradio923.com.ar\/index.php\/wp-json\/wp\/v2\/comments?post=18656"}],"version-history":[{"count":0,"href":"https:\/\/maxradio923.com.ar\/index.php\/wp-json\/wp\/v2\/posts\/18656\/revisions"}],"wp:featuredmedia":[{"embeddable":true,"href":"https:\/\/maxradio923.com.ar\/index.php\/wp-json\/wp\/v2\/media\/18657"}],"wp:attachment":[{"href":"https:\/\/maxradio923.com.ar\/index.php\/wp-json\/wp\/v2\/media?parent=18656"}],"wp:term":[{"taxonomy":"category","embeddable":true,"href":"https:\/\/maxradio923.com.ar\/index.php\/wp-json\/wp\/v2\/categories?post=18656"},{"taxonomy":"post_tag","embeddable":true,"href":"https:\/\/maxradio923.com.ar\/index.php\/wp-json\/wp\/v2\/tags?post=18656"}],"curies":[{"name":"wp","href":"https:\/\/api.w.org\/{rel}","templated":true}]}}