{"id":18651,"date":"2024-02-29T21:43:26","date_gmt":"2024-03-01T00:43:26","guid":{"rendered":"https:\/\/maxradio923.com.ar\/index.php\/2024\/02\/29\/el-dr-marcelo-jorge-lima-asumio-la-presidencia-de-la-corte\/"},"modified":"2024-02-29T21:43:26","modified_gmt":"2024-03-01T00:43:26","slug":"el-dr-marcelo-jorge-lima-asumio-la-presidencia-de-la-corte","status":"publish","type":"post","link":"https:\/\/maxradio923.com.ar\/index.php\/2024\/02\/29\/el-dr-marcelo-jorge-lima-asumio-la-presidencia-de-la-corte\/","title":{"rendered":"EL DR. MARCELO JORGE LIMA ASUMI\u00d3 LA PRESIDENCIA DE LA CORTE"},"content":{"rendered":"<p><img decoding=\"async\" src=\"https:\/\/diariod3.com\/wp-content\/uploads\/2024\/02\/WhatsApp-Image-2024-02-29-at-20.24.57.jpeg\"\/><\/p>\n<p>El Ministro de la Corte ejercer\u00e1 el cargo durante el per\u00edodo comprendido entre marzo de 2024 y febrero de 2025. Acceso directo al Video Institucional con su mensaje.<\/p>\n<p>El Dr. Marcelo Jorge Lima asumi\u00f3 la Presidencia de la Corte de Justicia de San Juan desde el viernes 1 de marzo de 2024 y hasta el 28 de febrero de 2025, dando cumplimiento al art\u00edculo 201 de la Constituci\u00f3n de la Provincia de San Juan, el cual fija que la Presidencia del cuerpo es desempe\u00f1ada anualmente y por turno, por cada uno de sus miembros; y el art\u00edculo 20 de la Ley Org\u00e1nica del Poder Judicial (Ley N\u00b0 2352-O) prev\u00e9 que la Presidencia de la Corte ser\u00e1 desempe\u00f1ada por un Ministro, desde el 1 de marzo al \u00faltimo d\u00eda de febrero del a\u00f1o siguiente.<\/p>\n<p>El Dr. Lima brind\u00f3 un mensaje mediante un video institucional expresando que asume la presidencia \u201cen un momento muy especial en el que est\u00e1 transitando el Poder Judicial de la Provincia. Digo trascendental por los cambios hist\u00f3ricos que se est\u00e1n dando. Estos cambios hist\u00f3ricos se pueden reflejar ya no tan solo en las estad\u00edsticas, sino esencialmente en el humor de los destinatarios, aquellas personas que han venido a requerir la tutela judicial efectiva\u201d.<\/p>\n<p>En el mensaje, el Dr. Lima enumera los ejes en los que basar\u00e1 su gesti\u00f3n. Uno de ellos es el anuncio de un Plan Estrat\u00e9gico a 5 a\u00f1os, una necesidad que radica en la mejora continua. Al finalizar el mensaje, el Dr. Lima cita a Ronald Dworkin, influyente respecto de la naturaleza del derecho, diciendo que \u201chay que tomar los derechos en serio. Y tomar los derechos en serio es<br \/>tambi\u00e9n tomar en serio la jurisdicci\u00f3n.<\/p>\n<p>Reivindicar el papel de la Constituci\u00f3n como l\u00edmite de la pol\u00edtica y tambi\u00e9n el de la Justicia como garante de operatividad de las normas constitucionales\u201d. Seg\u00fan lo especificado en el Acuerdo General N\u00ba 168\/2023 las salas de la Corte de Justicia quedaron<br \/>conformadas de la siguiente manera hasta el 28 de febrero del 2025:<\/p>\n<p>Sala Primera: ser\u00e1 presidida por la Dra. Adriana Garc\u00eda Nieto; y se integrar\u00e1 junto al Dr. Daniel<br \/>Olivares Yapur y el Dr. Juan Jos\u00e9 Victoria.<\/p>\n<p>-Sala Segunda: ser\u00e1 presidida por el Dr. Guillermo Horacio De Sanctis; y se integrar\u00e1 junto al Dr.<br \/>Juan Jos\u00e9 Victoria y el Dr. Daniel Olivares Yapur.<\/p>\n<p>-Sala Tercera: ser\u00e1 presidida por el Dr. Marcelo Jorge Lima; y se integrar\u00e1 junto a la Dra. Adriana<br \/>Garc\u00eda Nieto y el Dr. Guillermo Horacio De Sanctis.<\/p>\n<p>La entrada EL DR. MARCELO JORGE LIMA ASUMI\u00d3 LA PRESIDENCIA DE LA CORTE se public\u00f3 primero en DIARIO D3 NOTICIAS | SAN JUAN ARGENTINA.<\/p>\n","protected":false},"excerpt":{"rendered":"<p>El Ministro de la Corte ejercer\u00e1 el cargo durante el per\u00edodo comprendido entre marzo de 2024 y febrero de 2025. Acceso directo al Video Institucional con su mensaje.<br \/>\n El Dr. Marcelo Jorge Lima asumi\u00f3 la Presidencia de la Corte de Justicia de San Juan desde el viernes 1 de marzo de 2024 y hasta el 28 de febrero de 2025, dando cumplimiento al art\u00edculo 201 de la Constituci\u00f3n de la Provincia de San Juan, el cual fija que la Presidencia del cuerpo es desempe\u00f1ada anualmente y por turno, por cada uno de sus miembros; y el art\u00edculo 20 de la Ley Org\u00e1nica del Poder Judicial (Ley N\u00b0 2352-O) prev\u00e9 que la Presidencia de la Corte ser\u00e1 desempe\u00f1ada por un Ministro, desde el 1 de marzo al \u00faltimo d\u00eda de febrero del a\u00f1o siguiente.<br \/>\n El Dr. Lima brind\u00f3 un mensaje mediante un video institucional expresando que asume la presidencia \u201cen un momento muy especial en el que est\u00e1 transitando el Poder Judicial de la Provincia. Digo trascendental por los cambios hist\u00f3ricos que se est\u00e1n dando. Estos cambios hist\u00f3rico..<\/p>\n","protected":false},"author":2,"featured_media":18652,"comment_status":"","ping_status":"","sticky":false,"template":"","format":"standard","meta":{"footnotes":""},"categories":[8],"tags":[],"_links":{"self":[{"href":"https:\/\/maxradio923.com.ar\/index.php\/wp-json\/wp\/v2\/posts\/18651"}],"collection":[{"href":"https:\/\/maxradio923.com.ar\/index.php\/wp-json\/wp\/v2\/posts"}],"about":[{"href":"https:\/\/maxradio923.com.ar\/index.php\/wp-json\/wp\/v2\/types\/post"}],"author":[{"embeddable":true,"href":"https:\/\/maxradio923.com.ar\/index.php\/wp-json\/wp\/v2\/users\/2"}],"replies":[{"embeddable":true,"href":"https:\/\/maxradio923.com.ar\/index.php\/wp-json\/wp\/v2\/comments?post=18651"}],"version-history":[{"count":0,"href":"https:\/\/maxradio923.com.ar\/index.php\/wp-json\/wp\/v2\/posts\/18651\/revisions"}],"wp:featuredmedia":[{"embeddable":true,"href":"https:\/\/maxradio923.com.ar\/index.php\/wp-json\/wp\/v2\/media\/18652"}],"wp:attachment":[{"href":"https:\/\/maxradio923.com.ar\/index.php\/wp-json\/wp\/v2\/media?parent=18651"}],"wp:term":[{"taxonomy":"category","embeddable":true,"href":"https:\/\/maxradio923.com.ar\/index.php\/wp-json\/wp\/v2\/categories?post=18651"},{"taxonomy":"post_tag","embeddable":true,"href":"https:\/\/maxradio923.com.ar\/index.php\/wp-json\/wp\/v2\/tags?post=18651"}],"curies":[{"name":"wp","href":"https:\/\/api.w.org\/{rel}","templated":true}]}}