{"id":18649,"date":"2024-02-29T21:43:19","date_gmt":"2024-03-01T00:43:19","guid":{"rendered":"https:\/\/maxradio923.com.ar\/index.php\/2024\/02\/29\/la-camara-de-diputados-elimina-78-cargos-jerarquicos-y-220-contratos\/"},"modified":"2024-02-29T21:43:19","modified_gmt":"2024-03-01T00:43:19","slug":"la-camara-de-diputados-elimina-78-cargos-jerarquicos-y-220-contratos","status":"publish","type":"post","link":"https:\/\/maxradio923.com.ar\/index.php\/2024\/02\/29\/la-camara-de-diputados-elimina-78-cargos-jerarquicos-y-220-contratos\/","title":{"rendered":"La C\u00e1mara de Diputados elimina 78 cargos jer\u00e1rquicos y 220 contratos"},"content":{"rendered":"<p><img decoding=\"async\" src=\"https:\/\/diariod3.com\/wp-content\/uploads\/2024\/02\/172750_620.webp\"\/><\/p>\n<p>El presidente de la C\u00e1mara de Diputados, Mart\u00edn Menem, dijo que implica \u00abun ahorro anual en t\u00e9rminos absolutos de $3.500.000.000\u00bb.<\/p>\n<p>El presidente de la C\u00e1mara de Diputados, Mart\u00edn Menem, anunci\u00f3 hoy la decisi\u00f3n de esa C\u00e1mara de eliminar 78 cargos jer\u00e1rquicos y dar de baja 220 contratos, lo cual implica \u00abun ahorro anual en t\u00e9rminos absolutos de $3.500.000.000\u00bb, en el marco del mandato de \u00abausteridad\u00bb encomendado por el presidente Javier Milei.<\/p>\n<p>\u00abSiguiendo con el mandato de austeridad encomendado por el presidente Javier Milei, la C\u00e1mara de Diputados de la Naci\u00f3n contin\u00faa trabajando en el achicamiento de gastos\u00bb, afirm\u00f3 Menem en un comunicado de prensa publicado en la red social X (antes Twitter).<\/p>\n<p>En ese sentido, el presidente de la C\u00e1mara baja precis\u00f3 que \u00abculminada otra etapa de la auditor\u00eda interna, se han eliminado 78 cargos jer\u00e1rquicos y se han dado de baja 220 contratos\u00bb<\/p>\n<p>Seg\u00fan afirm\u00f3 Menem, \u00abesta decisi\u00f3n implica un ahorro anual en t\u00e9rminos absolutos de $3.500.000.000 anuales (unos 3,5 millones de d\u00f3lares)\u00bb.<\/p>\n<p>Por otro lado, el presidente de la C\u00e1mara baja inform\u00f3 adem\u00e1s que \u00abtras la implementaci\u00f3n de la normativa de control de presentismo mediante registros biom\u00e9tricos (control por huella) ha aumentado en un 45% la cantidad diaria de empleados que concurren al trabajo\u00bb.<\/p>\n<p>Por: Graciela Herrera<\/p>\n<p>La entrada <a href=\"https:\/\/diariod3.com\/la-camara-de-diputados-elimina-78-cargos-jerarquicos-y-220-contratos\/\" rel=\"noreferrer noopener\" target=\"_blank\">La C\u00e1mara de Diputados elimina 78 cargos jer\u00e1rquicos y 220 contratos<\/a> se public\u00f3 primero en <a href=\"https:\/\/diariod3.com\/\" rel=\"noreferrer noopener\" target=\"_blank\">DIARIO D3 NOTICIAS | SAN JUAN ARGENTINA<\/a>.<\/p>\n","protected":false},"excerpt":{"rendered":"<p>El presidente de la C\u00e1mara de Diputados, Mart\u00edn Menem, dijo que implica \u00abun ahorro anual en t\u00e9rminos absolutos de $3.500.000.000\u00bb.<\/p>\n<p>El presidente de la C\u00e1mara de Diputados, Mart\u00edn Menem, anunci\u00f3 hoy la decisi\u00f3n de esa C\u00e1mara de eliminar 78 cargos jer\u00e1rquicos y dar de baja 220 contratos, lo cual implica \u00abun ahorro anual en t\u00e9rminos absolutos de $3.500.000.000\u00bb, en el marco del mandato de \u00abausteridad\u00bb encomendado por el presidente Javier Milei.<\/p>\n<p>\u00abSiguiendo con el mandato de austeridad encomendado por el presidente Javier Milei, la C\u00e1mara de Diputados de la Naci\u00f3n contin\u00faa trabajando en el achicamiento de gastos\u00bb, afirm\u00f3 Menem en un comunicado de prensa publicado en la red social X (antes Twitter).<\/p>\n<p>En ese sentido, el presidente de la C\u00e1mara baja precis\u00f3 que \u00abculminada otra etapa de la auditor\u00eda interna, se han eliminado 78 cargos jer\u00e1rquicos y se han dado de baja 220 contratos\u00bb<\/p>\n<p>Seg\u00fan afirm\u00f3 Menem, \u00abesta decisi\u00f3n implica un ahorro anual en t\u00e9rminos absolutos de $3.500.000.000 anuales (un..<\/p>\n","protected":false},"author":2,"featured_media":18650,"comment_status":"","ping_status":"","sticky":false,"template":"","format":"standard","meta":{"footnotes":""},"categories":[12],"tags":[],"_links":{"self":[{"href":"https:\/\/maxradio923.com.ar\/index.php\/wp-json\/wp\/v2\/posts\/18649"}],"collection":[{"href":"https:\/\/maxradio923.com.ar\/index.php\/wp-json\/wp\/v2\/posts"}],"about":[{"href":"https:\/\/maxradio923.com.ar\/index.php\/wp-json\/wp\/v2\/types\/post"}],"author":[{"embeddable":true,"href":"https:\/\/maxradio923.com.ar\/index.php\/wp-json\/wp\/v2\/users\/2"}],"replies":[{"embeddable":true,"href":"https:\/\/maxradio923.com.ar\/index.php\/wp-json\/wp\/v2\/comments?post=18649"}],"version-history":[{"count":0,"href":"https:\/\/maxradio923.com.ar\/index.php\/wp-json\/wp\/v2\/posts\/18649\/revisions"}],"wp:featuredmedia":[{"embeddable":true,"href":"https:\/\/maxradio923.com.ar\/index.php\/wp-json\/wp\/v2\/media\/18650"}],"wp:attachment":[{"href":"https:\/\/maxradio923.com.ar\/index.php\/wp-json\/wp\/v2\/media?parent=18649"}],"wp:term":[{"taxonomy":"category","embeddable":true,"href":"https:\/\/maxradio923.com.ar\/index.php\/wp-json\/wp\/v2\/categories?post=18649"},{"taxonomy":"post_tag","embeddable":true,"href":"https:\/\/maxradio923.com.ar\/index.php\/wp-json\/wp\/v2\/tags?post=18649"}],"curies":[{"name":"wp","href":"https:\/\/api.w.org\/{rel}","templated":true}]}}