{"id":18645,"date":"2024-02-29T21:42:39","date_gmt":"2024-03-01T00:42:39","guid":{"rendered":"https:\/\/maxradio923.com.ar\/index.php\/2024\/02\/29\/juicio-contra-alperovich-el-terrible-relato-del-papa-de-la-victima-sobre-cuando-su-hija-le-conto-los-abusos\/"},"modified":"2024-02-29T21:42:39","modified_gmt":"2024-03-01T00:42:39","slug":"juicio-contra-alperovich-el-terrible-relato-del-papa-de-la-victima-sobre-cuando-su-hija-le-conto-los-abusos","status":"publish","type":"post","link":"https:\/\/maxradio923.com.ar\/index.php\/2024\/02\/29\/juicio-contra-alperovich-el-terrible-relato-del-papa-de-la-victima-sobre-cuando-su-hija-le-conto-los-abusos\/","title":{"rendered":"Juicio contra Alperovich: el terrible relato del pap\u00e1 de la v\u00edctima sobre cuando su hija le cont\u00f3 los abusos"},"content":{"rendered":"<p><img decoding=\"async\" alt=\"La hija del acusado, Sara Alperovich, y la ex senadora Beatriz Mirkin. Foto Telam\" src=\"https:\/\/www.clarin.com\/img\/2024\/02\/29\/4AT1y54Lg_720x0__1.jpg\"\/>La hija del acusado, Sara Alperovich, y la ex senadora Beatriz Mirkin. Foto Telam<img decoding=\"async\" alt=\"Este jueves fue la cuarta audiencia del juicio contra Alperovich, que lo sigui\u00f3 por Zoom. Foto Luciano Thieberger. \" src=\"https:\/\/www.clarin.com\/img\/2024\/02\/29\/_F7Y4UADn_720x0__1.jpg\"\/>Este jueves fue la cuarta audiencia del juicio contra Alperovich, que lo sigui\u00f3 por Zoom. Foto Luciano Thieberger. <img decoding=\"async\" alt=\"La defensa de Alperovich present\u00f3 testigos por primera vez en el juicio. Foto Luciano Thieberger\" src=\"https:\/\/www.clarin.com\/img\/2024\/02\/29\/CL0E4fFM-_720x0__1.jpg\"\/>La defensa de Alperovich present\u00f3 testigos por primera vez en el juicio. Foto Luciano Thieberger<img decoding=\"async\" alt=\"El fiscal Sandro Abraldes, el defensor Augusto Garrido y los representantes de la querella, Pablo Rovatti y Carolina Cymerman. Foto Luciano Thieberger\" src=\"https:\/\/www.clarin.com\/img\/2024\/02\/29\/BCJushLt3_720x0__1.jpg\"\/>El fiscal Sandro Abraldes, el defensor Augusto Garrido y los representantes de la querella, Pablo Rovatti y Carolina Cymerman. Foto Luciano Thieberger<img decoding=\"async\" alt=\"El juez Juan Ramos Padilla durante la cuarta audiencia por el juicio contra Alperovich. Foto Luciano Thieberger\" src=\"https:\/\/www.clarin.com\/img\/2024\/02\/29\/PgnDgdpgL_720x0__1.jpg\"\/>El juez Juan Ramos Padilla durante la cuarta audiencia por el juicio contra Alperovich. Foto Luciano Thieberger<\/p>\n","protected":false},"excerpt":{"rendered":"<p>La hija del acusado, Sara Alperovich, y la ex senadora Beatriz Mirkin. Foto TelamEste jueves fue la cuarta audiencia del juicio contra Alperovich, que lo sigui\u00f3 por Zoom. Foto Luciano Thieberger. La defensa de Alperovich present\u00f3 testigos por primera vez en el juicio. Foto Luciano ThiebergerEl fiscal Sandro Abraldes, el defensor Augusto Garrido y los representantes de la querella, Pablo Rovatti y Carolina Cymerman. Foto Luciano ThiebergerEl juez Juan Ramos Padilla durante la cuarta audiencia por el juicio contra Alperovich. Foto Luciano Thieberger<\/p>\n","protected":false},"author":2,"featured_media":18646,"comment_status":"","ping_status":"","sticky":false,"template":"","format":"standard","meta":{"footnotes":""},"categories":[6],"tags":[],"_links":{"self":[{"href":"https:\/\/maxradio923.com.ar\/index.php\/wp-json\/wp\/v2\/posts\/18645"}],"collection":[{"href":"https:\/\/maxradio923.com.ar\/index.php\/wp-json\/wp\/v2\/posts"}],"about":[{"href":"https:\/\/maxradio923.com.ar\/index.php\/wp-json\/wp\/v2\/types\/post"}],"author":[{"embeddable":true,"href":"https:\/\/maxradio923.com.ar\/index.php\/wp-json\/wp\/v2\/users\/2"}],"replies":[{"embeddable":true,"href":"https:\/\/maxradio923.com.ar\/index.php\/wp-json\/wp\/v2\/comments?post=18645"}],"version-history":[{"count":0,"href":"https:\/\/maxradio923.com.ar\/index.php\/wp-json\/wp\/v2\/posts\/18645\/revisions"}],"wp:featuredmedia":[{"embeddable":true,"href":"https:\/\/maxradio923.com.ar\/index.php\/wp-json\/wp\/v2\/media\/18646"}],"wp:attachment":[{"href":"https:\/\/maxradio923.com.ar\/index.php\/wp-json\/wp\/v2\/media?parent=18645"}],"wp:term":[{"taxonomy":"category","embeddable":true,"href":"https:\/\/maxradio923.com.ar\/index.php\/wp-json\/wp\/v2\/categories?post=18645"},{"taxonomy":"post_tag","embeddable":true,"href":"https:\/\/maxradio923.com.ar\/index.php\/wp-json\/wp\/v2\/tags?post=18645"}],"curies":[{"name":"wp","href":"https:\/\/api.w.org\/{rel}","templated":true}]}}