{"id":18583,"date":"2024-02-29T08:49:54","date_gmt":"2024-02-29T11:49:54","guid":{"rendered":"https:\/\/maxradio923.com.ar\/index.php\/2024\/02\/29\/edificio-9-de-julio-en-manos-del-poder-judicial-refuncionalizacion-se-espera-finalice-en-septiembre\/"},"modified":"2024-02-29T08:49:54","modified_gmt":"2024-02-29T11:49:54","slug":"edificio-9-de-julio-en-manos-del-poder-judicial-refuncionalizacion-se-espera-finalice-en-septiembre","status":"publish","type":"post","link":"https:\/\/maxradio923.com.ar\/index.php\/2024\/02\/29\/edificio-9-de-julio-en-manos-del-poder-judicial-refuncionalizacion-se-espera-finalice-en-septiembre\/","title":{"rendered":"Edificio 9 de Julio en manos del Poder Judicial: Refuncionalizaci\u00f3n se espera finalice en septiembre"},"content":{"rendered":"<p><img decoding=\"async\" src=\"https:\/\/diariod3.com\/wp-content\/uploads\/2024\/02\/dsc-3338-jpg.png\"\/><\/p>\n<p>El Edificio 9 de Julio se integrar\u00e1 al complejo del 25 de Mayo, consolidando una Ciudad Judicial en la manzana de avenida Ignacio de la Roza y calles Jujuy, Mitre y Aberastain. La refuncionalizaci\u00f3n, que comenz\u00f3 en julio de 2022, est\u00e1 en proceso y se prev\u00e9 que finalice en septiembre.<\/p>\n<p>Guillermo De Sanctis, presidente de la Corte, indic\u00f3 que, una vez en manos del Poder Judicial, se lanzar\u00e1 una licitaci\u00f3n para las obras finales, estimando que estas insumir\u00e1n un a\u00f1o y medio. La consolidaci\u00f3n de ambos inmuebles representa un hito en la historia del Poder Judicial sanjuanino, marcando su bicentenario desde la creaci\u00f3n del Departamento de Justicia en 1824.<\/p>\n<p>Adem\u00e1s, De Sanctis confirm\u00f3 que se otorgar\u00e1 un bono de 50 mil pesos a todos los empleados del Poder Judicial, incluyendo magistrados, y se liquidar\u00e1 el aumento del 15%. Contrario a la decisi\u00f3n del Gobierno, el Poder Judicial extendi\u00f3 el bono al personal jer\u00e1rquico, como la magistratura.<\/p>\n<p>OP: Juan Llarena<\/p>\n<p>La entrada Edificio 9 de Julio en manos del Poder Judicial: Refuncionalizaci\u00f3n se espera finalice en septiembre se public\u00f3 primero en DIARIO D3 NOTICIAS | SAN JUAN ARGENTINA.<\/p>\n","protected":false},"excerpt":{"rendered":"<p>El Edificio 9 de Julio se integrar\u00e1 al complejo del 25 de Mayo, consolidando una Ciudad Judicial en la manzana de avenida Ignacio de la Roza y calles Jujuy, Mitre y Aberastain. La refuncionalizaci\u00f3n, que comenz\u00f3 en julio de 2022, est\u00e1 en proceso y se prev\u00e9 que finalice en septiembre.<br \/>\n Guillermo De Sanctis, presidente de la Corte, indic\u00f3 que, una vez en manos del Poder Judicial, se lanzar\u00e1 una licitaci\u00f3n para las obras finales, estimando que estas insumir\u00e1n un a\u00f1o y medio. La consolidaci\u00f3n de ambos inmuebles representa un hito en la historia del Poder Judicial sanjuanino, marcando su bicentenario desde la creaci\u00f3n del Departamento de Justicia en 1824.<br \/>\n Adem\u00e1s, De Sanctis confirm\u00f3 que se otorgar\u00e1 un bono de 50 mil pesos a todos los empleados del Poder Judicial, incluyendo magistrados, y se liquidar\u00e1 el aumento del 15%. Contrario a la decisi\u00f3n del Gobierno, el Poder Judicial extendi\u00f3 el bono al personal jer\u00e1rquico, como la magistratura.<br \/>\n OP: Juan Llarena<br \/>\n La entrada Edificio 9 de Julio en..<\/p>\n","protected":false},"author":2,"featured_media":18584,"comment_status":"","ping_status":"","sticky":false,"template":"","format":"standard","meta":{"footnotes":""},"categories":[8],"tags":[],"_links":{"self":[{"href":"https:\/\/maxradio923.com.ar\/index.php\/wp-json\/wp\/v2\/posts\/18583"}],"collection":[{"href":"https:\/\/maxradio923.com.ar\/index.php\/wp-json\/wp\/v2\/posts"}],"about":[{"href":"https:\/\/maxradio923.com.ar\/index.php\/wp-json\/wp\/v2\/types\/post"}],"author":[{"embeddable":true,"href":"https:\/\/maxradio923.com.ar\/index.php\/wp-json\/wp\/v2\/users\/2"}],"replies":[{"embeddable":true,"href":"https:\/\/maxradio923.com.ar\/index.php\/wp-json\/wp\/v2\/comments?post=18583"}],"version-history":[{"count":0,"href":"https:\/\/maxradio923.com.ar\/index.php\/wp-json\/wp\/v2\/posts\/18583\/revisions"}],"wp:featuredmedia":[{"embeddable":true,"href":"https:\/\/maxradio923.com.ar\/index.php\/wp-json\/wp\/v2\/media\/18584"}],"wp:attachment":[{"href":"https:\/\/maxradio923.com.ar\/index.php\/wp-json\/wp\/v2\/media?parent=18583"}],"wp:term":[{"taxonomy":"category","embeddable":true,"href":"https:\/\/maxradio923.com.ar\/index.php\/wp-json\/wp\/v2\/categories?post=18583"},{"taxonomy":"post_tag","embeddable":true,"href":"https:\/\/maxradio923.com.ar\/index.php\/wp-json\/wp\/v2\/tags?post=18583"}],"curies":[{"name":"wp","href":"https:\/\/api.w.org\/{rel}","templated":true}]}}