{"id":18579,"date":"2024-02-29T08:49:44","date_gmt":"2024-02-29T11:49:44","guid":{"rendered":"https:\/\/maxradio923.com.ar\/index.php\/2024\/02\/29\/francos-milei-alento-a-los-diputados-libertarios-a-trabajar-en-conjunto-con-el-pro\/"},"modified":"2024-02-29T08:51:31","modified_gmt":"2024-02-29T11:51:31","slug":"francos-milei-alento-a-los-diputados-libertarios-a-trabajar-en-conjunto-con-el-pro","status":"publish","type":"post","link":"https:\/\/maxradio923.com.ar\/index.php\/2024\/02\/29\/francos-milei-alento-a-los-diputados-libertarios-a-trabajar-en-conjunto-con-el-pro\/","title":{"rendered":"Francos: Milei \u00abalent\u00f3\u00bb a los diputados libertarios a trabajar \u00aben conjunto\u00bb con el PRO"},"content":{"rendered":"<p><img decoding=\"async\" src=\"https:\/\/diariod3.com\/wp-content\/uploads\/2024\/01\/Francos-volvio-a-reconocer-que-Ley-omnibus-tendra-modificaciones.jpg\"\/><\/p>\n<p>El ministro del Interior, Guillermo Francos, afirm\u00f3 este mi\u00e9rcoles que en t\u00e9rminos macroecon\u00f3micos en Argentina \u201cestamos bien\u201d porque \u201cla inflaci\u00f3n est\u00e1 a la baja\u201d, se\u00f1al\u00f3 que<strong> la ca\u00edda en la actividad econ\u00f3mica era \u00abparte del camino duro que hab\u00eda que transitar\u201d<\/strong> y reconoci\u00f3 que el presidente Javier Milei \u00abalent\u00f3\u00bb al bloque oficialista a trabajar en conjunto con el PRO en Diputados.<\/p>\n<p>En di\u00e1logo con LN+, Francos se refiri\u00f3 al encuentro de Milei con los diputados de La Libertad Avanza (LLA) la ma\u00f1ana de este mi\u00e9rcoles y se\u00f1al\u00f3: \u201cEl Presidente hizo un an\u00e1lisis del tratamiento de la ley (Bases) con los diputados de LLA y los alent\u00f3 a trabajar en conjunto con el bloque del PRO\u201d.<\/p>\n<p>De cara al inicio del per\u00edodo de sesiones ordinarias en el Congreso que, ser\u00e1 inaugurado el viernes por la noche con el mensaje del Jefe de Estado ante la Asamblea Legislativa, Milei se reuni\u00f3 con buena parte de los diputados del bloque oficialista por casi dos horas en el Sal\u00f3n Norte del primer piso de la Casa de Gobierno, informaron a T\u00e9lam fuentes oficiales.<\/p>\n<p>Los legisladores consultados aclararon que el Presidente evit\u00f3 referirse al contenido de su discurso ante la Asamblea, mientras que un influyente<strong> diputado relativiz\u00f3 la posibilidad de conformar un interbloque con el PRO<\/strong>, aunque destacaron el \u00abentendimiento\u00bb que se dio durante las extraordinarias y que, aspiran, se repita durante el per\u00edodo ordinario de sesiones.<\/p>\n<p>Por otra parte, Francos se refiri\u00f3 a cuestiones econ\u00f3micas: <strong>\u201cEn t\u00e9rminos macroecon\u00f3micos estamos bien, fundamentalmente porque la inflaci\u00f3n est\u00e1 en la baja. No se pasa de una hiperinflaci\u00f3n no declarada a una inflaci\u00f3n demorada\u201d<\/strong>.<\/p>\n<p>Y agreg\u00f3: \u201cLa h\u00edper estaba a la vuelta, en diciembre est\u00e1bamos al 1,5%. Eso se evit\u00f3, se mantuvo en diciembre, baj\u00f3 en enero y bajar\u00e1 en febrero. Son buenas se\u00f1ales que el Banco Central pas\u00f3 de no tener d\u00f3lares a haber comprado 8.500 millones de d\u00f3lares\u201d.<\/p>\n<p>El ministro habl\u00f3 sobre la ca\u00edda de la actividad econ\u00f3mica y se\u00f1al\u00f3: \u201cEl gobierno lo plante\u00f3 con toda claridad y era el camino duro que hab\u00eda que transitar. No se pasa de una situaci\u00f3n de la recibida a una situaci\u00f3n de desarrollo, crecimiento econ\u00f3mico. Hay que pasar por un ajuste de la econom\u00eda. Si uno quiere transitar con la medida de siempre, no vamos a terminar\u201d.<\/p>\n<p>Por \u00faltimo, Francos se refiri\u00f3 al <strong>conflicto con el gobernador de la provincia de Buenos Aires<\/strong>, Axel Kicillof, por la quita del Fondo de Fortalecimiento Fiscal: \u201cEl gobierno anterior le sac\u00f3 fondos a la ciudad (de Buenos Aires) para d\u00e1rselo a la provincia para financiar a la polic\u00eda. Estos parches que se ponen en las cuentas fiscales tienen poco que ver con un sistema ordenado.<strong> Lo que pretende Milei es poner las cuentas en orden\u201d.<\/strong><\/p>\n<p>Fuente: T\u00e9lam<br \/>\nRivero. C<\/p>\n<p>La entrada <a href=\"https:\/\/diariod3.com\/francos-milei-alento-a-los-diputados-libertarios-a-trabajar-en-conjunto-con-el-pro\/\" rel=\"noreferrer noopener\" target=\"_blank\">Francos: Milei \u00abalent\u00f3\u00bb a los diputados libertarios a trabajar \u00aben conjunto\u00bb con el PRO<\/a> se public\u00f3 primero en <a href=\"https:\/\/diariod3.com\/\" rel=\"noreferrer noopener\" target=\"_blank\">DIARIO D3 NOTICIAS | SAN JUAN ARGENTINA<\/a>.<\/p>\n","protected":false},"excerpt":{"rendered":"<p>El ministro del Interior, Guillermo Francos, afirm\u00f3 este mi\u00e9rcoles que en t\u00e9rminos macroecon\u00f3micos en Argentina \u201cestamos bien\u201d porque \u201cla inflaci\u00f3n est\u00e1 a la baja\u201d, se\u00f1al\u00f3 que la ca\u00edda en la actividad econ\u00f3mica era \u00abparte del camino duro que hab\u00eda que transitar\u201d y reconoci\u00f3 que el presidente Javier Milei \u00abalent\u00f3\u00bb al bloque oficialista a trabajar en conjunto con el PRO en Diputados.<br \/>\nEn di\u00e1logo con LN+, Francos se refiri\u00f3 al encuentro de Milei con los diputados de La Libertad Avanza (LLA) la ma\u00f1ana de este mi\u00e9rcoles y se\u00f1al\u00f3: \u201cEl Presidente hizo un an\u00e1lisis del tratamiento de la ley (Bases) con los diputados de LLA y los alent\u00f3 a trabajar en conjunto con el bloque del PRO\u201d.<\/p>\n<p>De cara al inicio del per\u00edodo de sesiones ordinarias en el Congreso que, ser\u00e1 inaugurado el viernes por la noche con el mensaje del Jefe de Estado ante la Asamblea Legislativa, Milei se reuni\u00f3 con buena parte de los diputados del bloque oficialista por casi dos horas en el Sal\u00f3n Norte del primer piso de la Casa de Go..<\/p>\n","protected":false},"author":2,"featured_media":18616,"comment_status":"closed","ping_status":"","sticky":false,"template":"","format":"standard","meta":{"footnotes":""},"categories":[12],"tags":[],"_links":{"self":[{"href":"https:\/\/maxradio923.com.ar\/index.php\/wp-json\/wp\/v2\/posts\/18579"}],"collection":[{"href":"https:\/\/maxradio923.com.ar\/index.php\/wp-json\/wp\/v2\/posts"}],"about":[{"href":"https:\/\/maxradio923.com.ar\/index.php\/wp-json\/wp\/v2\/types\/post"}],"author":[{"embeddable":true,"href":"https:\/\/maxradio923.com.ar\/index.php\/wp-json\/wp\/v2\/users\/2"}],"replies":[{"embeddable":true,"href":"https:\/\/maxradio923.com.ar\/index.php\/wp-json\/wp\/v2\/comments?post=18579"}],"version-history":[{"count":1,"href":"https:\/\/maxradio923.com.ar\/index.php\/wp-json\/wp\/v2\/posts\/18579\/revisions"}],"predecessor-version":[{"id":18615,"href":"https:\/\/maxradio923.com.ar\/index.php\/wp-json\/wp\/v2\/posts\/18579\/revisions\/18615"}],"wp:featuredmedia":[{"embeddable":true,"href":"https:\/\/maxradio923.com.ar\/index.php\/wp-json\/wp\/v2\/media\/18616"}],"wp:attachment":[{"href":"https:\/\/maxradio923.com.ar\/index.php\/wp-json\/wp\/v2\/media?parent=18579"}],"wp:term":[{"taxonomy":"category","embeddable":true,"href":"https:\/\/maxradio923.com.ar\/index.php\/wp-json\/wp\/v2\/categories?post=18579"},{"taxonomy":"post_tag","embeddable":true,"href":"https:\/\/maxradio923.com.ar\/index.php\/wp-json\/wp\/v2\/tags?post=18579"}],"curies":[{"name":"wp","href":"https:\/\/api.w.org\/{rel}","templated":true}]}}