{"id":18577,"date":"2024-02-29T08:49:44","date_gmt":"2024-02-29T11:49:44","guid":{"rendered":"https:\/\/maxradio923.com.ar\/index.php\/2024\/02\/29\/se-reune-la-bicameral-y-fijara-un-esquema-para-analizar-el-dnu-70-2023\/"},"modified":"2024-02-29T08:51:30","modified_gmt":"2024-02-29T11:51:30","slug":"se-reune-la-bicameral-y-fijara-un-esquema-para-analizar-el-dnu-70-2023","status":"publish","type":"post","link":"https:\/\/maxradio923.com.ar\/index.php\/2024\/02\/29\/se-reune-la-bicameral-y-fijara-un-esquema-para-analizar-el-dnu-70-2023\/","title":{"rendered":"Se re\u00fane la Bicameral y fijar\u00e1 un esquema para analizar el DNU 70\/2023"},"content":{"rendered":"<p><img decoding=\"async\" src=\"https:\/\/diariod3.com\/wp-content\/uploads\/2024\/02\/65d76fc8ad931_1200.jpg\"\/><\/p>\n<p>La <strong>Comisi\u00f3n Bicameral de Tratamiento Legislativo<\/strong>, que debe tratar el <strong>Decreto de Necesidad y Urgencia (DNU) de desregulaci\u00f3n de la econom\u00eda<\/strong> dictado por el presidente Javier Milei, se reunir\u00e1 este jueves para definir el esquema de trabajo para analizar la norma y la posible convocatoria a funcionarios del Gobierno nacional.<\/p>\n<p>La audiencia de la Bicameral, que <strong>preside el libertario Juan Carlos Pagotto<\/strong>, est\u00e1 convocada para las 14 en el Sal\u00f3n Arturo Illia del Senado de la Naci\u00f3n, en el Palacio Legislativo.<\/p>\n<p>Entre los temas a tratar, figura el <strong>DNU 70\/2023<\/strong> emitido por el jefe del Estado, que incluye la derogaci\u00f3n de la ley de alquileres, una profunda reforma laboral y anulaci\u00f3n o reformas a otra decena de normas.<\/p>\n<p>Los senadores V\u00edctor Zimmerman (UCR) y Carlos Esp\u00ednola (Uni\u00f3n Federal) y el diputado Francisco Monti (UCR) solicitaron que se cite a funcionarios del Ejecutivo para que den detalles de la norma, algo que se definir\u00eda en la reuni\u00f3n.<\/p>\n<h2>Podr\u00edan citar a funcionarios<\/h2>\n<p>Entre los funcionarios que podr\u00edan ser invitados a pr\u00f3ximos encuentros de la Bicameral se encuentran el jefe de Gabinete, Nicol\u00e1s Posse; el ministro de Econom\u00eda, Luis Caputo;, de Trabajo, Empleo y Seguridad Social, Omar Yasin; y de Salud, Mario Russo.<\/p>\n<p>En la \u00faltima reuni\u00f3n del 22 de febrero, la Comisi\u00f3n Bicameral de Tratamiento Legislativo design\u00f3 al senador de La Libertad Avanza, Pagotto (La Rioja) como presidente de ese cuerpo en una tensa reuni\u00f3n, donde se cruzaron acusaciones entre el oficialismo y el kirchnerismo.<\/p>\n<p>Con el voto de 10 legisladores del oficialismo y los bloques dialoguistas, los legisladores aprobaron la designaci\u00f3n del senador riojano y decidieron postergar la definici\u00f3n del vicepresidente y los secretarios de la comisi\u00f3n, algo que se establecer\u00e1 durante la jornada.<\/p>\n<p>En declaraciones a la prensa, al vocero presidencial Manuel Adorni, afirm\u00f3 que para el Gobierno ser\u00eda \u00abextra\u00f1o\u00bb que la bicameral rechace el DNU de Milei que promueve distintas reformas en materia de leyes pol\u00edticas y econ\u00f3micas.<\/p>\n<p>\u00abNos resultar\u00eda extra\u00f1o que el DNU sea rechazado, no porque no haya posibilidades legales, sino porque nos da la sensaci\u00f3n que no hay demasiados elementos por el propio contenido\u00bb, indic\u00f3 Adorni, en respuesta a pedidos de rechazo de la norma provenientes del kirchnerismo.<\/p>\n<p>Fuente: T\u00e9lam<br \/>\nRivero. C<\/p>\n<p>La entrada <a href=\"https:\/\/diariod3.com\/se-reune-la-bicameral-y-fijara-un-esquema-para-analizar-el-dnu-70-2023\/\" rel=\"noreferrer noopener\" target=\"_blank\">Se re\u00fane la Bicameral y fijar\u00e1 un esquema para analizar el DNU 70\/2023<\/a> se public\u00f3 primero en <a href=\"https:\/\/diariod3.com\/\" rel=\"noreferrer noopener\" target=\"_blank\">DIARIO D3 NOTICIAS | SAN JUAN ARGENTINA<\/a>.<\/p>\n","protected":false},"excerpt":{"rendered":"<p>La Comisi\u00f3n Bicameral de Tratamiento Legislativo, que debe tratar el Decreto de Necesidad y Urgencia (DNU) de desregulaci\u00f3n de la econom\u00eda dictado por el presidente Javier Milei, se reunir\u00e1 este jueves para definir el esquema de trabajo para analizar la norma y la posible convocatoria a funcionarios del Gobierno nacional.<br \/>\nLa audiencia de la Bicameral, que preside el libertario Juan Carlos Pagotto, est\u00e1 convocada para las 14 en el Sal\u00f3n Arturo Illia del Senado de la Naci\u00f3n, en el Palacio Legislativo.<\/p>\n<p>Entre los temas a tratar, figura el DNU 70\/2023 emitido por el jefe del Estado, que incluye la derogaci\u00f3n de la ley de alquileres, una profunda reforma laboral y anulaci\u00f3n o reformas a otra decena de normas.<\/p>\n<p>Los senadores V\u00edctor Zimmerman (UCR) y Carlos Esp\u00ednola (Uni\u00f3n Federal) y el diputado Francisco Monti (UCR) solicitaron que se cite a funcionarios del Ejecutivo para que den detalles de la norma, algo que se definir\u00eda en la reuni\u00f3n.<\/p>\n<p>Podr\u00edan citar a funcionarios<br \/>\nEntre los funcionarios ..<\/p>\n","protected":false},"author":2,"featured_media":18614,"comment_status":"closed","ping_status":"","sticky":false,"template":"","format":"standard","meta":{"footnotes":""},"categories":[12],"tags":[],"_links":{"self":[{"href":"https:\/\/maxradio923.com.ar\/index.php\/wp-json\/wp\/v2\/posts\/18577"}],"collection":[{"href":"https:\/\/maxradio923.com.ar\/index.php\/wp-json\/wp\/v2\/posts"}],"about":[{"href":"https:\/\/maxradio923.com.ar\/index.php\/wp-json\/wp\/v2\/types\/post"}],"author":[{"embeddable":true,"href":"https:\/\/maxradio923.com.ar\/index.php\/wp-json\/wp\/v2\/users\/2"}],"replies":[{"embeddable":true,"href":"https:\/\/maxradio923.com.ar\/index.php\/wp-json\/wp\/v2\/comments?post=18577"}],"version-history":[{"count":1,"href":"https:\/\/maxradio923.com.ar\/index.php\/wp-json\/wp\/v2\/posts\/18577\/revisions"}],"predecessor-version":[{"id":18613,"href":"https:\/\/maxradio923.com.ar\/index.php\/wp-json\/wp\/v2\/posts\/18577\/revisions\/18613"}],"wp:featuredmedia":[{"embeddable":true,"href":"https:\/\/maxradio923.com.ar\/index.php\/wp-json\/wp\/v2\/media\/18614"}],"wp:attachment":[{"href":"https:\/\/maxradio923.com.ar\/index.php\/wp-json\/wp\/v2\/media?parent=18577"}],"wp:term":[{"taxonomy":"category","embeddable":true,"href":"https:\/\/maxradio923.com.ar\/index.php\/wp-json\/wp\/v2\/categories?post=18577"},{"taxonomy":"post_tag","embeddable":true,"href":"https:\/\/maxradio923.com.ar\/index.php\/wp-json\/wp\/v2\/tags?post=18577"}],"curies":[{"name":"wp","href":"https:\/\/api.w.org\/{rel}","templated":true}]}}