{"id":18575,"date":"2024-02-29T08:49:32","date_gmt":"2024-02-29T11:49:32","guid":{"rendered":"https:\/\/maxradio923.com.ar\/index.php\/2024\/02\/29\/incendio-desatado-por-imprudente-intento-de-espantar-abejas-en-pocito\/"},"modified":"2024-02-29T08:49:32","modified_gmt":"2024-02-29T11:49:32","slug":"incendio-desatado-por-imprudente-intento-de-espantar-abejas-en-pocito","status":"publish","type":"post","link":"https:\/\/maxradio923.com.ar\/index.php\/2024\/02\/29\/incendio-desatado-por-imprudente-intento-de-espantar-abejas-en-pocito\/","title":{"rendered":"Incendio Desatado por Imprudente Intento de Espantar Abejas en Pocito"},"content":{"rendered":"\n<p>Seg\u00fan el testimonio del sereno, desconocidos prendieron fuego en un intento de espantar a las abejas. Sin embargo, la situaci\u00f3n se torn\u00f3 cr\u00edtica cuando el viento aviv\u00f3 las llamas, propag\u00e1ndose r\u00e1pidamente y amenazando con alcanzar una vivienda y un corral cercanos.<\/p>\n<p>La intervenci\u00f3n veloz y eficiente de los Bomberos Voluntarios de Pocito result\u00f3 crucial para contener el incendio. Tras dos horas de arduo trabajo, lograron controlar las llamas, evitando da\u00f1os mayores a la propiedad y posibles consecuencias m\u00e1s graves.<\/p>\n<p>Hasta el momento, se desconoce la identidad de los responsables del incendio provocado. Las autoridades pertinentes han iniciado una investigaci\u00f3n para esclarecer los hechos y tomar las medidas correspondientes. Afortunadamente, no hubo heridos que lamentar gracias a la r\u00e1pida acci\u00f3n de los servicios de emergencia.<\/p>\n<p>Op: Juan Llarena<\/p>\n","protected":false},"excerpt":{"rendered":"<p>Seg\u00fan el testimonio del sereno, desconocidos prendieron fuego en un intento de espantar a las abejas. Sin embargo, la situaci\u00f3n se torn\u00f3 cr\u00edtica cuando el viento aviv\u00f3 las llamas, propag\u00e1ndose r\u00e1pidamente y amenazando con alcanzar una vivienda y un corral cercanos.<br \/>\n La intervenci\u00f3n veloz y eficiente de los Bomberos Voluntarios de Pocito result\u00f3 crucial para contener el incendio. Tras dos horas de arduo trabajo, lograron controlar las llamas, evitando da\u00f1os mayores a la propiedad y posibles consecuencias m\u00e1s graves.<br \/>\n Hasta el momento, se desconoce la identidad de los responsables del incendio provocado. Las autoridades pertinentes han iniciado una investigaci\u00f3n para esclarecer los hechos y tomar las medidas correspondientes. Afortunadamente, no hubo heridos que lamentar gracias a la r\u00e1pida acci\u00f3n de los servicios de emergencia.<br \/>\n Op: Juan Llarena<\/p>\n","protected":false},"author":2,"featured_media":18576,"comment_status":"","ping_status":"","sticky":false,"template":"","format":"standard","meta":{"footnotes":""},"categories":[5],"tags":[],"_links":{"self":[{"href":"https:\/\/maxradio923.com.ar\/index.php\/wp-json\/wp\/v2\/posts\/18575"}],"collection":[{"href":"https:\/\/maxradio923.com.ar\/index.php\/wp-json\/wp\/v2\/posts"}],"about":[{"href":"https:\/\/maxradio923.com.ar\/index.php\/wp-json\/wp\/v2\/types\/post"}],"author":[{"embeddable":true,"href":"https:\/\/maxradio923.com.ar\/index.php\/wp-json\/wp\/v2\/users\/2"}],"replies":[{"embeddable":true,"href":"https:\/\/maxradio923.com.ar\/index.php\/wp-json\/wp\/v2\/comments?post=18575"}],"version-history":[{"count":0,"href":"https:\/\/maxradio923.com.ar\/index.php\/wp-json\/wp\/v2\/posts\/18575\/revisions"}],"wp:featuredmedia":[{"embeddable":true,"href":"https:\/\/maxradio923.com.ar\/index.php\/wp-json\/wp\/v2\/media\/18576"}],"wp:attachment":[{"href":"https:\/\/maxradio923.com.ar\/index.php\/wp-json\/wp\/v2\/media?parent=18575"}],"wp:term":[{"taxonomy":"category","embeddable":true,"href":"https:\/\/maxradio923.com.ar\/index.php\/wp-json\/wp\/v2\/categories?post=18575"},{"taxonomy":"post_tag","embeddable":true,"href":"https:\/\/maxradio923.com.ar\/index.php\/wp-json\/wp\/v2\/tags?post=18575"}],"curies":[{"name":"wp","href":"https:\/\/api.w.org\/{rel}","templated":true}]}}