{"id":18485,"date":"2024-02-27T12:18:37","date_gmt":"2024-02-27T15:18:37","guid":{"rendered":"https:\/\/maxradio923.com.ar\/index.php\/2024\/02\/27\/biden-hara-una-rara-visita-a-la-frontera-sur-el-mismo-dia-que-trump\/"},"modified":"2024-02-27T12:18:37","modified_gmt":"2024-02-27T15:18:37","slug":"biden-hara-una-rara-visita-a-la-frontera-sur-el-mismo-dia-que-trump","status":"publish","type":"post","link":"https:\/\/maxradio923.com.ar\/index.php\/2024\/02\/27\/biden-hara-una-rara-visita-a-la-frontera-sur-el-mismo-dia-que-trump\/","title":{"rendered":"Biden har\u00e1 una rara visita a la frontera sur el mismo d\u00eda que Trump"},"content":{"rendered":"<p><img decoding=\"async\" alt=\"El expresidente de Estados Unidos y candidato presidencial republicano Donald Trump llega a la reuni\u00f3n anual de la Conferencia de Acci\u00f3n Pol\u00edtica Conservadora (CPAC) en National Harbor, Maryland, Estados Unidos, 24 de febrero de 2024. REUTERS\/Elizabeth Frantz\/File Photo\" src=\"https:\/\/www.clarin.com\/img\/2024\/02\/27\/6vDwX_Fsh_720x0__1.jpg\"\/>El expresidente de Estados Unidos y candidato presidencial republicano Donald Trump llega a la reuni\u00f3n anual de la Conferencia de Acci\u00f3n Pol\u00edtica Conservadora (CPAC) en National Harbor, Maryland, Estados Unidos, 24 de febrero de 2024. REUTERS\/Elizabeth Frantz\/File Photo<\/p>\n","protected":false},"excerpt":{"rendered":"<p>El expresidente de Estados Unidos y candidato presidencial republicano Donald Trump llega a la reuni\u00f3n anual de la Conferencia de Acci\u00f3n Pol\u00edtica Conservadora (CPAC) en National Harbor, Maryland, Estados Unidos, 24 de febrero de 2024. REUTERS\/Elizabeth Frantz\/File Photo<\/p>\n","protected":false},"author":2,"featured_media":18486,"comment_status":"","ping_status":"","sticky":false,"template":"","format":"standard","meta":{"footnotes":""},"categories":[3],"tags":[],"_links":{"self":[{"href":"https:\/\/maxradio923.com.ar\/index.php\/wp-json\/wp\/v2\/posts\/18485"}],"collection":[{"href":"https:\/\/maxradio923.com.ar\/index.php\/wp-json\/wp\/v2\/posts"}],"about":[{"href":"https:\/\/maxradio923.com.ar\/index.php\/wp-json\/wp\/v2\/types\/post"}],"author":[{"embeddable":true,"href":"https:\/\/maxradio923.com.ar\/index.php\/wp-json\/wp\/v2\/users\/2"}],"replies":[{"embeddable":true,"href":"https:\/\/maxradio923.com.ar\/index.php\/wp-json\/wp\/v2\/comments?post=18485"}],"version-history":[{"count":0,"href":"https:\/\/maxradio923.com.ar\/index.php\/wp-json\/wp\/v2\/posts\/18485\/revisions"}],"wp:featuredmedia":[{"embeddable":true,"href":"https:\/\/maxradio923.com.ar\/index.php\/wp-json\/wp\/v2\/media\/18486"}],"wp:attachment":[{"href":"https:\/\/maxradio923.com.ar\/index.php\/wp-json\/wp\/v2\/media?parent=18485"}],"wp:term":[{"taxonomy":"category","embeddable":true,"href":"https:\/\/maxradio923.com.ar\/index.php\/wp-json\/wp\/v2\/categories?post=18485"},{"taxonomy":"post_tag","embeddable":true,"href":"https:\/\/maxradio923.com.ar\/index.php\/wp-json\/wp\/v2\/tags?post=18485"}],"curies":[{"name":"wp","href":"https:\/\/api.w.org\/{rel}","templated":true}]}}