{"id":18469,"date":"2024-02-27T08:53:13","date_gmt":"2024-02-27T11:53:13","guid":{"rendered":"https:\/\/maxradio923.com.ar\/index.php\/2024\/02\/27\/detenido-por-intentar-robar-sillas-de-la-escuela-frondizi-en-santa-lucia\/"},"modified":"2024-02-27T08:53:13","modified_gmt":"2024-02-27T11:53:13","slug":"detenido-por-intentar-robar-sillas-de-la-escuela-frondizi-en-santa-lucia","status":"publish","type":"post","link":"https:\/\/maxradio923.com.ar\/index.php\/2024\/02\/27\/detenido-por-intentar-robar-sillas-de-la-escuela-frondizi-en-santa-lucia\/","title":{"rendered":"Detenido por Intentar Robar Sillas de la Escuela Frondizi en Santa Luc\u00eda"},"content":{"rendered":"<p><img decoding=\"async\" src=\"https:\/\/diariod3.com\/wp-content\/uploads\/2024\/01\/hombre-esposado_5207-543-300x203-1.png\"\/><\/p>\n<p>El informe policial indica que Molina ingres\u00f3 a la escuela sin recurrir a la fuerza ni la violencia. Su detenci\u00f3n se llev\u00f3 a cabo tras el presunto intento de robo, y el asistente fiscal correspondiente se present\u00f3 en el lugar para realizar los procedimientos legales necesarios.<\/p>\n<p>Durante la intervenci\u00f3n, se confiscaron las dos sillas sustra\u00eddas como evidencia para la investigaci\u00f3n en curso. Molina qued\u00f3 ligado al caso y enfrentar\u00e1 cargos por hurto en grado de tentativa.<\/p>\n<p>Op: Juan Llarena<\/p>\n<p>La entrada Detenido por Intentar Robar Sillas de la Escuela Frondizi en Santa Luc\u00eda se public\u00f3 primero en DIARIO D3 NOTICIAS | SAN JUAN ARGENTINA.<\/p>\n","protected":false},"excerpt":{"rendered":"<p>El informe policial indica que Molina ingres\u00f3 a la escuela sin recurrir a la fuerza ni la violencia. Su detenci\u00f3n se llev\u00f3 a cabo tras el presunto intento de robo, y el asistente fiscal correspondiente se present\u00f3 en el lugar para realizar los procedimientos legales necesarios.<br \/>\n Durante la intervenci\u00f3n, se confiscaron las dos sillas sustra\u00eddas como evidencia para la investigaci\u00f3n en curso. Molina qued\u00f3 ligado al caso y enfrentar\u00e1 cargos por hurto en grado de tentativa.<br \/>\n Op: Juan Llarena<br \/>\n La entrada Detenido por Intentar Robar Sillas de la Escuela Frondizi en Santa Luc\u00eda se public\u00f3 primero en DIARIO D3 NOTICIAS | SAN JUAN ARGENTINA.<\/p>\n","protected":false},"author":2,"featured_media":18470,"comment_status":"","ping_status":"","sticky":false,"template":"","format":"standard","meta":{"footnotes":""},"categories":[8],"tags":[],"_links":{"self":[{"href":"https:\/\/maxradio923.com.ar\/index.php\/wp-json\/wp\/v2\/posts\/18469"}],"collection":[{"href":"https:\/\/maxradio923.com.ar\/index.php\/wp-json\/wp\/v2\/posts"}],"about":[{"href":"https:\/\/maxradio923.com.ar\/index.php\/wp-json\/wp\/v2\/types\/post"}],"author":[{"embeddable":true,"href":"https:\/\/maxradio923.com.ar\/index.php\/wp-json\/wp\/v2\/users\/2"}],"replies":[{"embeddable":true,"href":"https:\/\/maxradio923.com.ar\/index.php\/wp-json\/wp\/v2\/comments?post=18469"}],"version-history":[{"count":0,"href":"https:\/\/maxradio923.com.ar\/index.php\/wp-json\/wp\/v2\/posts\/18469\/revisions"}],"wp:featuredmedia":[{"embeddable":true,"href":"https:\/\/maxradio923.com.ar\/index.php\/wp-json\/wp\/v2\/media\/18470"}],"wp:attachment":[{"href":"https:\/\/maxradio923.com.ar\/index.php\/wp-json\/wp\/v2\/media?parent=18469"}],"wp:term":[{"taxonomy":"category","embeddable":true,"href":"https:\/\/maxradio923.com.ar\/index.php\/wp-json\/wp\/v2\/categories?post=18469"},{"taxonomy":"post_tag","embeddable":true,"href":"https:\/\/maxradio923.com.ar\/index.php\/wp-json\/wp\/v2\/tags?post=18469"}],"curies":[{"name":"wp","href":"https:\/\/api.w.org\/{rel}","templated":true}]}}