{"id":18467,"date":"2024-02-27T08:53:07","date_gmt":"2024-02-27T11:53:07","guid":{"rendered":"https:\/\/maxradio923.com.ar\/index.php\/2024\/02\/27\/las-provincias-responden-al-gobierno-con-un-llamado-al-dialogo-acciones-judiciales-y-paro-de-petroleo\/"},"modified":"2024-02-27T08:53:07","modified_gmt":"2024-02-27T11:53:07","slug":"las-provincias-responden-al-gobierno-con-un-llamado-al-dialogo-acciones-judiciales-y-paro-de-petroleo","status":"publish","type":"post","link":"https:\/\/maxradio923.com.ar\/index.php\/2024\/02\/27\/las-provincias-responden-al-gobierno-con-un-llamado-al-dialogo-acciones-judiciales-y-paro-de-petroleo\/","title":{"rendered":"Las provincias responden al Gobierno con un llamado al di\u00e1logo, acciones judiciales y paro de petr\u00f3leo"},"content":{"rendered":"<p><img decoding=\"async\" src=\"https:\/\/diariod3.com\/wp-content\/uploads\/2024\/02\/65dd3b4516e42_450.jpg\"\/><\/p>\n<p>Gobernadores de distintas provincias del pa\u00eds pidieron este lunes al presidente Javier Milei que convoque a una \u00abmesa de di\u00e1logo\u00bb para abordar los recortes de fondos y subsidios anunciados en las \u00faltimas semanas, mientras el mandatario bonaerense, Axel Kicillof, denunciar\u00e1 al Ejecutivo ante la Corte Suprema y su par de Tierra de Fuego, Gustavo Melella, interrumpir\u00e1 \u00abpor un d\u00eda\u00bb la producci\u00f3n de petr\u00f3leo.<\/p>\n<p>Las posturas de los mandatarios se da en medio del reclamo de la provincia de Chubut por la retenci\u00f3n de $13.500 millones de sus fondos coparticipables y de la reciente eliminaci\u00f3n del Fondo de Fortalecimiento Fiscal para Buenos Aires, que se suma a la quita del Fondo Nacional de Incentivo Docente (Fonid) y del Fondo Compensador al Transporte P\u00fablico, que tambi\u00e9n provoc\u00f3 distintas demandas judiciales contra Naci\u00f3n.<\/p>\n<p>\u00abAgotamos instancias administrativas e instruimos al fiscal de Estado de la provincia de Buenos Aires para que inicie acciones ante la Corte Suprema de Justicia de la Naci\u00f3n y cautelarmente restituya los fondos que nos sacaron\u00bb, dijo Kicillof en conferencia de prensa.<\/p>\n<p>El mandatario de Uni\u00f3n por la Patria (UxP) sostuvo que \u00abestamos ante un Presidente que ha decidido reconfigurar un Estado, que se roba los recursos de las provincias\u00bb.<\/p>\n<p>Y a\u00f1adi\u00f3 que \u00abpara ser claros con esto, no son recursos ni de un gobernador ni de un gobierno: son del pueblo de la provincia de Buenos Aires\u00bb.<\/p>\n<p>En respaldo al reclamo del gobernador de Chubut, Ignacio Torres, quien advirti\u00f3 hace d\u00edas que si no recibe los fondos coparticipables paralizar\u00e1 el env\u00edo de petr\u00f3leo y gas de su provincia, su par de Tierra del Fuego, Gustavo Melella, confirm\u00f3 que interrumpir\u00e1 la producci\u00f3n de petr\u00f3leo por 24 horas el pr\u00f3ximo mi\u00e9rcoles.<\/p>\n<p>\u00abEs la producci\u00f3n de petr\u00f3leo la que vamos a paralizar por un d\u00eda. Se trata una decisi\u00f3n tomada por todos los gobernadores de la Patagonia, con el apoyo de los trabajadores del sector petrolero. Lo que le pedimos al Gobierno nacional es que se siente urgente con el gobernador de Chubut a tratar de resolver la situaci\u00f3n\u00bb, explic\u00f3 Melella a T\u00e9lam.<\/p>\n<p>Quien tambi\u00e9n sali\u00f3 en defensa de Buenos Aires y de Chubut fue <strong>el gobernador de Santiago del Estero, Gerardo Zamora, al manifestar su \u00absolidaridad\u00bb con ambos distritos<\/strong> por \u00absufrir arbitrarios recortes de sus recursos por parte del Gobierno nacional\u00bb.<\/p>\n<p>\u00abMi solidaridad con el gobernador Axel Kicillof, otro colega, que al igual que Ignacio Torres, acaba de sufrir arbitrarios recortes de sus recursos por parte del Gobierno nacional\u00bb, public\u00f3 Zamora en sus redes sociales.<\/p>\n<p>Por su lado, el gobernador de Santa Cruz, Claudio Vidal, pidi\u00f3 al presidente Javier Milei que \u00abconvoque al di\u00e1logo\u00bb a los mandatarios provinciales para resolver, entre otros temas, el conflicto por los fondos coparticipables de Chubut.<\/p>\n<p>\u00abCost\u00f3 much\u00edsimo recuperar y sostener la democracia. La sociedad se expres\u00f3 democr\u00e1ticamente. Vot\u00f3 un presidente y ese presidente debe terminar su mandato. En las provincias, vot\u00f3 gobernadores y esos gobernadores deben terminar el mandato. Se\u00f1or presidente: escuche a los gobernadores. Convoque a una mesa de di\u00e1logo\u00bb, solicit\u00f3 el gobernador de Santa Cruz, Claudio Vidal, en declaraciones radiales.<\/p>\n<p>Por su parte, el gobernador de Entre R\u00edos, Rogelio Frigerio, afirm\u00f3 que las provincias deben contar con \u00ablos recursos que por ley y por la Constituci\u00f3n\u00bb le corresponden y, para eso, pidi\u00f3 al Gobierno nacional que tenga \u00abtranquilidad\u00bb para poner fin a una disputa pol\u00edtica a la que compar\u00f3 con la que enfrent\u00f3 a unitarios y federales a mediados del siglo XIX.<\/p>\n<p>\u00abYa pasaron la Batalla de Caseros y la guerra de unitarios y federales\u00bb, dijo Frigerio, quien consider\u00f3 que la Naci\u00f3n y las provincias tienen que \u00abestar espalda con espalda\u00bb en un contexto de crisis econ\u00f3mica y social.<\/p>\n<p>Frigerio, perteneciente al PRO y al grupo de los 10 mandatarios de Juntos por el Cambio (JxC) -que tambi\u00e9n se solidariz\u00f3 con la situaci\u00f3n de Chubut-, pidi\u00f3 \u00abparar la pelota y pensar en la gente, que est\u00e1 viviendo con mucho dolor, angustia y una tremenda incertidumbre de lo que va a pasar ma\u00f1ana en la Argentina. A eso no le podemos agregar las peleas de los que dirigen y tienen responsabilidades\u00bb.<\/p>\n<p>En esa l\u00ednea tambi\u00e9n se ubic\u00f3 el mandatario de Neuqu\u00e9n, Rolando Figueroa, quien apoy\u00f3 el reclamo de su par de Chubut pero ante la advertencia de cortar la provisi\u00f3n de petr\u00f3leo y gas contrapuso que \u00abel camino es el di\u00e1logo y las instancias constitucionales que da la democracia\u00bb.<\/p>\n<p>\u00abProducir nos genera valor agregado a las distintas provincias, genera trabajo y, fundamentalmente, en esta ventana de tiempo que nosotros tenemos de poder extraer el gas y el petr\u00f3leo que es de s\u00f3lo 25 a\u00f1os, tenemos que ser muy coherentes a la hora de poder mostrarnos hacia el mundo para seguir atrayendo inversiones y seguir otorgando seguridad jur\u00eddica\u00bb, advirti\u00f3 Figueroa en rueda de prensa.<\/p>\n<p>A su vez, <strong>el mandatario de R\u00edo Negro, Alberto Weretilneck, asegur\u00f3 que \u00abno hay que esperar nada de la Naci\u00f3n\u00bb<\/strong>, que la relaci\u00f3n entre las provincias y el Ejecutivo \u00abno va a cambiar\u00bb y seguir\u00e1 as\u00ed durante los \u00abcuatro a\u00f1os\u00bb que dura el Gobierno.<\/p>\n<p>\u00abVamos a vivir as\u00ed cuatro a\u00f1os. No hay que esperar nada de la Naci\u00f3n y habr\u00e1 que sobrellevar estos cuatro a\u00f1os, con la defensa de nuestros intereses y encontrar respuestas a los problemas\u00bb, apunt\u00f3 en un reportaje aaxel l diario Rio Negro, en el que calific\u00f3 a la gesti\u00f3n de Milei como \u00abtotalmente inaudita\u00bb por la \u00abimposibilidad de dialogar y establecer v\u00ednculos, m\u00e1s all\u00e1 de la defensa de los distintos intereses\u00bb.<\/p>\n<p>En tanto, <strong>el vice gobernador de Chubut, Gustavo Menna, volvi\u00f3 a defender la postura de la provincia<\/strong> en Radio 10 al afirmar que no est\u00e1 \u00abreclamando ninguna d\u00e1diva ni aporte del Tesoro\u00bb sino que se trata de \u00abcoparticipaci\u00f3n que le corresponde por derecho propio\u00bb a ese distrito.<\/p>\n<p>Sobre la advertencia del gobernador chubutense de \u00abno entregar\u00bb petr\u00f3leo y gas, Menna afirm\u00f3 que se trata de \u00abuna frase impactante que nos permite hablar de este tema\u00bb.<\/p>\n<p>\u00abNecesit\u00e1s poner la cuesti\u00f3n sobre la mesa. A veces uno dice \u2018pucha esto genera tanto esc\u00e1ndalo pero nadie se escandaliza con otra situaci\u00f3n que te impide garantizar clases&#039;\u00bb, se\u00f1al\u00f3, en alusi\u00f3n al recorte del Fonid, del que s\u00ed \u00abse hizo cargo\u00bb la provincia porque \u00abes una prioridad recuperar el inicio de clases\u00bb.<\/p>\n<p>A su vez, la vicegobernadora de C\u00f3rdoba, Myrian Prunotto, afirm\u00f3 que Milei \u00abse equivoca nuevamente cuando habla de C\u00f3rdoba\u00bb y consider\u00f3 que \u00abser\u00eda mejor\u00bb que el mandatario buscara \u00abel di\u00e1logo y respetara a una provincia que aporta mucho m\u00e1s de lo que recibe\u00bb.<\/p>\n<p>\u00abC\u00f3rdoba mantiene ordenadas sus cuentas. Hacemos adecuaciones que la crisis nacional obliga. Defendemos nuestra producci\u00f3n, nuestra industria, nuestro trabajo. Defendemos C\u00f3rdoba. Respaldamos al Gobernador Mart\u00edn Llaryora en su firme decisi\u00f3n de cuidar a los cordobeses\u00bb, sostuvo el domingo la vicegobernadora en la red social X.<\/p>\n<p>El domingo, Milei volvi\u00f3 a criticar la gesti\u00f3n del gobernador Mart\u00edn Llaryora, a quien le endilg\u00f3 que \u00abno quiere hacer el ajuste\u00bb y busca \u00abjugar sucio\u00bb en perjuicio del Gobierno nacional.<\/p>\n<p>En una entrevista a LN+, el jefe de Estado indic\u00f3 que el mandatario cordob\u00e9s \u00abdecidi\u00f3 subirle las tarifas a la gente en un monto mucho mayor y echarle la culpa al Gobierno nacional\u00bb.<\/p>\n<p>Fuente: T\u00e9lam<br \/>\nRivero. C<\/p>\n<p>La entrada <a href=\"https:\/\/diariod3.com\/las-provincias-responden-al-gobierno-con-un-llamado-al-dialogo-acciones-judiciales-y-paro-de-petroleo\/\" rel=\"noreferrer noopener\" target=\"_blank\">Las provincias responden al Gobierno con un llamado al di\u00e1logo, acciones judiciales y paro de petr\u00f3leo<\/a> se public\u00f3 primero en <a href=\"https:\/\/diariod3.com\/\" rel=\"noreferrer noopener\" target=\"_blank\">DIARIO D3 NOTICIAS | SAN JUAN ARGENTINA<\/a>.<\/p>\n","protected":false},"excerpt":{"rendered":"<p>Gobernadores de distintas provincias del pa\u00eds pidieron este lunes al presidente Javier Milei que convoque a una \u00abmesa de di\u00e1logo\u00bb para abordar los recortes de fondos y subsidios anunciados en las \u00faltimas semanas, mientras el mandatario bonaerense, Axel Kicillof, denunciar\u00e1 al Ejecutivo ante la Corte Suprema y su par de Tierra de Fuego, Gustavo Melella, interrumpir\u00e1 \u00abpor un d\u00eda\u00bb la producci\u00f3n de petr\u00f3leo.<\/p>\n<p>Las posturas de los mandatarios se da en medio del reclamo de la provincia de Chubut por la retenci\u00f3n de $13.500 millones de sus fondos coparticipables y de la reciente eliminaci\u00f3n del Fondo de Fortalecimiento Fiscal para Buenos Aires, que se suma a la quita del Fondo Nacional de Incentivo Docente (Fonid) y del Fondo Compensador al Transporte P\u00fablico, que tambi\u00e9n provoc\u00f3 distintas demandas judiciales contra Naci\u00f3n.<\/p>\n<p>\u00abAgotamos instancias administrativas e instruimos al fiscal de Estado de la provincia de Buenos Aires para que inicie acciones ante la Corte Suprema de Justicia de la Naci..<\/p>\n","protected":false},"author":2,"featured_media":18468,"comment_status":"","ping_status":"","sticky":false,"template":"","format":"standard","meta":{"footnotes":""},"categories":[12],"tags":[],"_links":{"self":[{"href":"https:\/\/maxradio923.com.ar\/index.php\/wp-json\/wp\/v2\/posts\/18467"}],"collection":[{"href":"https:\/\/maxradio923.com.ar\/index.php\/wp-json\/wp\/v2\/posts"}],"about":[{"href":"https:\/\/maxradio923.com.ar\/index.php\/wp-json\/wp\/v2\/types\/post"}],"author":[{"embeddable":true,"href":"https:\/\/maxradio923.com.ar\/index.php\/wp-json\/wp\/v2\/users\/2"}],"replies":[{"embeddable":true,"href":"https:\/\/maxradio923.com.ar\/index.php\/wp-json\/wp\/v2\/comments?post=18467"}],"version-history":[{"count":0,"href":"https:\/\/maxradio923.com.ar\/index.php\/wp-json\/wp\/v2\/posts\/18467\/revisions"}],"wp:featuredmedia":[{"embeddable":true,"href":"https:\/\/maxradio923.com.ar\/index.php\/wp-json\/wp\/v2\/media\/18468"}],"wp:attachment":[{"href":"https:\/\/maxradio923.com.ar\/index.php\/wp-json\/wp\/v2\/media?parent=18467"}],"wp:term":[{"taxonomy":"category","embeddable":true,"href":"https:\/\/maxradio923.com.ar\/index.php\/wp-json\/wp\/v2\/categories?post=18467"},{"taxonomy":"post_tag","embeddable":true,"href":"https:\/\/maxradio923.com.ar\/index.php\/wp-json\/wp\/v2\/tags?post=18467"}],"curies":[{"name":"wp","href":"https:\/\/api.w.org\/{rel}","templated":true}]}}