{"id":18465,"date":"2024-02-27T08:53:06","date_gmt":"2024-02-27T11:53:06","guid":{"rendered":"https:\/\/maxradio923.com.ar\/index.php\/2024\/02\/27\/el-gobierno-recibe-a-sindicatos-docentes-y-ministros-provinciales\/"},"modified":"2024-02-27T08:53:06","modified_gmt":"2024-02-27T11:53:06","slug":"el-gobierno-recibe-a-sindicatos-docentes-y-ministros-provinciales","status":"publish","type":"post","link":"https:\/\/maxradio923.com.ar\/index.php\/2024\/02\/27\/el-gobierno-recibe-a-sindicatos-docentes-y-ministros-provinciales\/","title":{"rendered":"El Gobierno recibe a sindicatos docentes y ministros provinciales"},"content":{"rendered":"<p><img decoding=\"async\" src=\"https:\/\/diariod3.com\/wp-content\/uploads\/2024\/02\/625c3dc21ee1c_1200.jpg\"\/><\/p>\n<p>Representantes de los <strong>cinco sindicatos docentes a nivel nacional y ministros de Educaci\u00f3n de las provincias y de la ciudad de Buenos Aires<\/strong> se reunir\u00e1n este martes a partir de las 18 con autoridades del <strong>\u00e1rea de Trabajo del Ministerio de Capital Humano<\/strong> del Gobierno nacional para debatir la actualizaci\u00f3n del <strong>salario m\u00ednimo docente<\/strong>.<\/p>\n<p>El encuentro se producir\u00e1 luego de que este lunes comenzaran las clases en ocho distritos, atravesadas por un <strong>paro convocado por Ctera<\/strong>, que tuvo un acatamiento dispar, <strong>en reclamo de la paritaria nacional<\/strong> y en <strong>rechazo de la anunciada eliminaci\u00f3n del Fondo Nacional de Incentivo Docente<\/strong> (Fonid).<\/p>\n<p>La convocatoria a los sindicatos y autoridades educativas de las provincias fue realizada por la Secretar\u00eda de Trabajo del Ministerio de Capital Humano de la Naci\u00f3n.<\/p>\n<p>De acuerdo con lo previsto, en la <strong>reuni\u00f3n programada para las 18 en la sede de la avenida Leandro N. Alem 650<\/strong>, estar\u00e1n presentes el secretario de Trabajo, Omar Yasin; el secretario de Educaci\u00f3n, <strong>Carlos Torrendell<\/strong>, y representantes de los cinco gremios docentes nacionales, que son la <strong>Confederaci\u00f3n de Trabajadores de la Educaci\u00f3n (Ctera), la Uni\u00f3n Docentes Argentinos (UDA), la Asociaci\u00f3n del Magisterio de Ense\u00f1anza T\u00e9cnica (AMET), el Sindicato Argentino de Docentes Privados (Sadop) y la Confederaci\u00f3n de Educadores Argentinos (CEA)<\/strong>.<\/p>\n<h2>Paro docente y cronograma de inicio de clases<\/h2>\n<p>La medida de fuerza gremial que se desarroll\u00f3 este lunes tuvo adhesi\u00f3n en la ciudad de Buenos Aires (CABA), C\u00f3rdoba, Corrientes, Entre R\u00edos, Formosa, San Luis y Santa Fe, en tanto que en Mendoza las clases comenzaron con normalidad en todos los niveles de la provincia.<\/p>\n<p>Por fuera de esos ocho distritos, este martes inician el ciclo lectivo 2024 en La Rioja, mientras que en Santa Cruz arrancar\u00e1 el jueves y el viernes, 1 de marzo, ser\u00e1 el turno de la provincia de Buenos Aires, La Pampa, Tierra del Fuego y Tucum\u00e1n.<\/p>\n<p>El calendario se completar\u00e1 con el inicio de clases el pr\u00f3ximo lunes, 4 de marzo, en Chaco, Chubut, Misiones, San Juan, Santiago del Estero, Catamarca y Neuqu\u00e9n, a las que se sumaron Jujuy y Salta, que en realidad iban a empezar las clases ayer pero aplazaron la fecha de inicio.<\/p>\n<p>Por su parte, R\u00edo Negro comenzar\u00e1 su ciclo lectivo el 11 de marzo, tras un per\u00edodo de intensificaci\u00f3n desarrollado del 14 al 26 de febrero, se inform\u00f3 oficialmente.<\/p>\n<p>Fuente: T\u00e9lam<br \/>\nRivero. C<\/p>\n<p>La entrada <a href=\"https:\/\/diariod3.com\/el-gobierno-recibe-a-sindicatos-docentes-y-ministros-provinciales\/\" rel=\"noreferrer noopener\" target=\"_blank\">El Gobierno recibe a sindicatos docentes y ministros provinciales<\/a> se public\u00f3 primero en <a href=\"https:\/\/diariod3.com\/\" rel=\"noreferrer noopener\" target=\"_blank\">DIARIO D3 NOTICIAS | SAN JUAN ARGENTINA<\/a>.<\/p>\n","protected":false},"excerpt":{"rendered":"<p>Representantes de los cinco sindicatos docentes a nivel nacional y ministros de Educaci\u00f3n de las provincias y de la ciudad de Buenos Aires se reunir\u00e1n este martes a partir de las 18 con autoridades del \u00e1rea de Trabajo del Ministerio de Capital Humano del Gobierno nacional para debatir la actualizaci\u00f3n del salario m\u00ednimo docente.<br \/>\nEl encuentro se producir\u00e1 luego de que este lunes comenzaran las clases en ocho distritos, atravesadas por un paro convocado por Ctera, que tuvo un acatamiento dispar, en reclamo de la paritaria nacional y en rechazo de la anunciada eliminaci\u00f3n del Fondo Nacional de Incentivo Docente (Fonid).<\/p>\n<p>La convocatoria a los sindicatos y autoridades educativas de las provincias fue realizada por la Secretar\u00eda de Trabajo del Ministerio de Capital Humano de la Naci\u00f3n.<\/p>\n<p>De acuerdo con lo previsto, en la reuni\u00f3n programada para las 18 en la sede de la avenida Leandro N. Alem 650, estar\u00e1n presentes el secretario de Trabajo, Omar Yasin; el secretario de Educaci\u00f3n, Carlos Torre..<\/p>\n","protected":false},"author":2,"featured_media":18466,"comment_status":"","ping_status":"","sticky":false,"template":"","format":"standard","meta":{"footnotes":""},"categories":[12],"tags":[],"_links":{"self":[{"href":"https:\/\/maxradio923.com.ar\/index.php\/wp-json\/wp\/v2\/posts\/18465"}],"collection":[{"href":"https:\/\/maxradio923.com.ar\/index.php\/wp-json\/wp\/v2\/posts"}],"about":[{"href":"https:\/\/maxradio923.com.ar\/index.php\/wp-json\/wp\/v2\/types\/post"}],"author":[{"embeddable":true,"href":"https:\/\/maxradio923.com.ar\/index.php\/wp-json\/wp\/v2\/users\/2"}],"replies":[{"embeddable":true,"href":"https:\/\/maxradio923.com.ar\/index.php\/wp-json\/wp\/v2\/comments?post=18465"}],"version-history":[{"count":0,"href":"https:\/\/maxradio923.com.ar\/index.php\/wp-json\/wp\/v2\/posts\/18465\/revisions"}],"wp:featuredmedia":[{"embeddable":true,"href":"https:\/\/maxradio923.com.ar\/index.php\/wp-json\/wp\/v2\/media\/18466"}],"wp:attachment":[{"href":"https:\/\/maxradio923.com.ar\/index.php\/wp-json\/wp\/v2\/media?parent=18465"}],"wp:term":[{"taxonomy":"category","embeddable":true,"href":"https:\/\/maxradio923.com.ar\/index.php\/wp-json\/wp\/v2\/categories?post=18465"},{"taxonomy":"post_tag","embeddable":true,"href":"https:\/\/maxradio923.com.ar\/index.php\/wp-json\/wp\/v2\/tags?post=18465"}],"curies":[{"name":"wp","href":"https:\/\/api.w.org\/{rel}","templated":true}]}}