{"id":18400,"date":"2024-02-26T09:14:35","date_gmt":"2024-02-26T12:14:35","guid":{"rendered":"https:\/\/maxradio923.com.ar\/index.php\/2024\/02\/26\/a-los-49-anos-murio-kenneth-mitchell-actor-de-star-trek-y-capitana-marvel\/"},"modified":"2024-02-26T09:14:35","modified_gmt":"2024-02-26T12:14:35","slug":"a-los-49-anos-murio-kenneth-mitchell-actor-de-star-trek-y-capitana-marvel","status":"publish","type":"post","link":"https:\/\/maxradio923.com.ar\/index.php\/2024\/02\/26\/a-los-49-anos-murio-kenneth-mitchell-actor-de-star-trek-y-capitana-marvel\/","title":{"rendered":"A los 49 a\u00f1os muri\u00f3 Kenneth Mitchell, actor de &#8220;Star Trek&#8221; y &#8220;Capitana Marvel&#8221;"},"content":{"rendered":"<ul>\n<li>El int\u00e9rprete falleci\u00f3 tras luchar contra una delicada enfermedad en sus \u00faltimos a\u00f1os de vida.<\/li>\n<li>Padec\u00eda esclerosis lateral amiotr\u00f3fica (ELA).<\/li>\n<\/ul>\n","protected":false},"excerpt":{"rendered":"<p>El int\u00e9rprete falleci\u00f3 tras luchar contra una delicada enfermedad en sus \u00faltimos a\u00f1os de vida. Padec\u00eda esclerosis lateral amiotr\u00f3fica (ELA).<\/p>\n","protected":false},"author":2,"featured_media":18401,"comment_status":"","ping_status":"","sticky":false,"template":"","format":"standard","meta":{"footnotes":""},"categories":[4],"tags":[],"_links":{"self":[{"href":"https:\/\/maxradio923.com.ar\/index.php\/wp-json\/wp\/v2\/posts\/18400"}],"collection":[{"href":"https:\/\/maxradio923.com.ar\/index.php\/wp-json\/wp\/v2\/posts"}],"about":[{"href":"https:\/\/maxradio923.com.ar\/index.php\/wp-json\/wp\/v2\/types\/post"}],"author":[{"embeddable":true,"href":"https:\/\/maxradio923.com.ar\/index.php\/wp-json\/wp\/v2\/users\/2"}],"replies":[{"embeddable":true,"href":"https:\/\/maxradio923.com.ar\/index.php\/wp-json\/wp\/v2\/comments?post=18400"}],"version-history":[{"count":0,"href":"https:\/\/maxradio923.com.ar\/index.php\/wp-json\/wp\/v2\/posts\/18400\/revisions"}],"wp:featuredmedia":[{"embeddable":true,"href":"https:\/\/maxradio923.com.ar\/index.php\/wp-json\/wp\/v2\/media\/18401"}],"wp:attachment":[{"href":"https:\/\/maxradio923.com.ar\/index.php\/wp-json\/wp\/v2\/media?parent=18400"}],"wp:term":[{"taxonomy":"category","embeddable":true,"href":"https:\/\/maxradio923.com.ar\/index.php\/wp-json\/wp\/v2\/categories?post=18400"},{"taxonomy":"post_tag","embeddable":true,"href":"https:\/\/maxradio923.com.ar\/index.php\/wp-json\/wp\/v2\/tags?post=18400"}],"curies":[{"name":"wp","href":"https:\/\/api.w.org\/{rel}","templated":true}]}}