{"id":18390,"date":"2024-02-26T09:12:51","date_gmt":"2024-02-26T12:12:51","guid":{"rendered":"https:\/\/maxradio923.com.ar\/index.php\/2024\/02\/26\/casacion-comienzan-las-audiencias-previas-para-tratar-la-condena-de-cristina-kirchner\/"},"modified":"2024-02-26T09:12:51","modified_gmt":"2024-02-26T12:12:51","slug":"casacion-comienzan-las-audiencias-previas-para-tratar-la-condena-de-cristina-kirchner","status":"publish","type":"post","link":"https:\/\/maxradio923.com.ar\/index.php\/2024\/02\/26\/casacion-comienzan-las-audiencias-previas-para-tratar-la-condena-de-cristina-kirchner\/","title":{"rendered":"Casaci\u00f3n: comienzan las audiencias previas para tratar la condena de Cristina Kirchner"},"content":{"rendered":"<p><img decoding=\"async\" src=\"https:\/\/diariod3.com\/wp-content\/uploads\/2024\/02\/638f57ccbbf32_1200.jpg\"\/><\/p>\n<p>La <strong>condena a seis a\u00f1os de prisi\u00f3n<\/strong> impuesta a la expresidenta <strong>Cristina Fern\u00e1ndez de Kirchner <\/strong>en la causa abierta por los supuestos delitos cometidos, entre 2003 y 2015, en la asignaci\u00f3n de<strong> la obra p\u00fablica nacional en Santa Cruz<\/strong> comienza este lunes a ser revisada en distintas audiencias p\u00fablicas a cargo de la C\u00e1mara Federal de Casaci\u00f3n Penal.<\/p>\n<p>El fiscal Mario Villar fue convocado a asistir este lunes, a las 10, para exponer su postura en relaci\u00f3n a las condenas resueltas en su momento por el <strong>Tribunal Oral Federal 2<\/strong> al t\u00e9rmino de un juicio oral.<\/p>\n<p><strong>Los jueces Mariano Borinsky, Gustavo Hornos y Diego Barroetave\u00f1a<\/strong>, integrantes de la Sala IV del m\u00e1ximo tribunal penal federal del pa\u00eds para esta causa penal, dispusieron que todo sea trasmitido en directo por medio del canal de YouTube del Poder Judicial de la Naci\u00f3n.<\/p>\n<p>Tras escuchar a todas las partes en audiencias programadas hasta abril, los jueces estar\u00e1n en condiciones de resolver si confirman, revocan o agravan las penas impuestas a la expresidenta, que <strong>fue condenada a seis a\u00f1os de prisi\u00f3n<\/strong> por el delitos de \u00abadministraci\u00f3n fraudulenta agravada\u00bb.<\/p>\n<p>No obstante, el fiscal Villar apel\u00f3 esa decisi\u00f3n porque consider\u00f3 que tambi\u00e9n debe tomase en cuenta el presunto delito de \u00abasociaci\u00f3n il\u00edcita\u00bb, una acusaci\u00f3n sobre la cual hab\u00eda reclamado durante el juicio una pena de 12 a\u00f1os de c\u00e1rcel para la exmandataria.<\/p>\n<p>El Tribunal Oral, sin embargo, absolvi\u00f3 a todos los acusados por este \u00faltimo delito en un veredicto dividido de dos votos a uno y conden\u00f3 a Fern\u00e1ndez de Kirchner <strong>por \u00abadministraci\u00f3n fraudulenta\u00bb <\/strong>en un debate que ventil\u00f3 la adjudicaci\u00f3n del 80 por ciento de la obra p\u00fablica nacional de Santa Cruz a empresas vinculadas al tambi\u00e9n condenado empresario L\u00e1zaro B\u00e1ez.<\/p>\n<p>Por su parte, la defensa de la exmandataria expondr\u00e1 el 7 de marzo pr\u00f3ximo y reclamar\u00e1 que se revoque la condena a seis a\u00f1os de prisi\u00f3n por \u00abadministraci\u00f3n fraudulenta\u00bb y que se le dicte la absoluci\u00f3n. <strong>El abogado Carlos Beraldi sostendr\u00e1 que no hay pruebas directas y que los jueces actuaron de manera \u00abarbitraria\u00bb.<\/strong><\/p>\n<p>El 6 de diciembre de 2022 el Tribunal Oral 2 dio a conocer la primera condena a la expresidenta, cuyos fundamentos se difundieron al a\u00f1o siguiente, y se abri\u00f3 as\u00ed el per\u00edodo para las apelaciones presentadas por la fiscal\u00eda y las defensas.<\/p>\n<p>Se trat\u00f3 de un veredicto dividido en lo relativo a la condena pedida por el delito de \u00abasociaci\u00f3n il\u00edcita\u00bb: los jueces Jorge Gorini y Rodrigo Gim\u00e9nez Uriburu absolvieron a Fern\u00e1ndez de Kirchner, a B\u00e1ez y a otros imputados por este delito, en tanto que el tercer magistrado, Andr\u00e9s Basso, vot\u00f3 a favor de la condena.<\/p>\n<p><strong>Los tres jueces coincidieron en que existi\u00f3 un delito de \u00abadministraci\u00f3n fraudulenta\u00bb<\/strong> en la adjudicaci\u00f3n a empresas de B\u00e1ez, entre ellas Austral Construcciones, de 51 obras p\u00fablicas viales en Santa Cruz entre 2003 y 2015, y constituy\u00f3 \u00abun hecho de corrupci\u00f3n estatal\u00bb que deriv\u00f3 en un \u00abperjuicio descomunal\u00bb a las arcas p\u00fablicas, indicaron.<\/p>\n<p>Todo ello se cometi\u00f3, dijeron, con un \u00abfin econ\u00f3mico\u00bb en \u00abbeneficio del empresario y sus socios comerciales\u00bb, sostuvo el veredicto que ahora revisar\u00e1 Casaci\u00f3n y que, una vez terminadas las audiencias, tendr\u00e1 un plazo de 20 d\u00edas h\u00e1biles para resolver, un lapso que podr\u00eda extenderse.<\/p>\n<p>En su momento <strong>los condenados fueron Fern\u00e1ndez de Kirchner, B\u00e1ez, el exsecretario de Obras P\u00fablicas en el kirchnerismo Jos\u00e9 L\u00f3pez y el exdirector de Vialidad Nacional Nelson Periotti.<\/strong><\/p>\n<p>Las penas tambi\u00e9n alcanzaron a los exfuncionarios de Vialidad Mauricio Collareda, Juan Carlos Villafa\u00f1e, Ra\u00fal Osvaldo Daruich, Ra\u00fal Gilberto Pavesi y Jos\u00e9 Ra\u00fal Santib\u00e1\u00f1ez; todos recibieron condenas de entre 3 y 6 a\u00f1os de prisi\u00f3n.<\/p>\n<blockquote>\n<p>Al igual que la expresidenta, fueron condenados a seis a\u00f1os de prisi\u00f3n B\u00e1ez -como part\u00edcipe necesario de la defraudaci\u00f3n- Periotti y L\u00f3pez<\/p>\n<\/blockquote>\n<p>Seg\u00fan la acusaci\u00f3n, el 80% de la obra vial fue asignada a empresas del grupo B\u00e1ez y se cometieron irregularidades como el pago de sobreprecios y la falta de controles.<\/p>\n<p><strong>El juicio se inici\u00f3 el 21 de mayo de 2019 <\/strong>y tanto Cristina Kirchner como B\u00e1ez llegaron a ese momento procesados por presunta \u00abasociaci\u00f3n il\u00edcita agravada por su calidad de jefe\u00bb y \u00abadministraci\u00f3n fraudulenta agravada por haber sido cometida en perjuicio de la administraci\u00f3n p\u00fablica\u00bb.<\/p>\n<p>Ante Casaci\u00f3n se debatir\u00e1n tambi\u00e9n las absoluciones dispuestas por el Tribunal, como las del exministro de Planificaci\u00f3n Federal Julio De Vido y los exfuncionarios Abel Fatala y H\u00e9ctor Garro, que fueron apeladas por la fiscal\u00eda. <strong>En el fallo, que a\u00fan no est\u00e1 firme, se orden\u00f3 el decomiso de unos 85.000 millones de pesos.<\/strong><\/p>\n<p>Las audiencias ante la sala IV de Casaci\u00f3n ser\u00e1n presenciales en los tribunales federales de Comodoro Py 2002, en el barrio porte\u00f1o de Retiro.<\/p>\n<p>Fuente: T\u00e9lam<br \/>\nRivero. C<\/p>\n<p>La entrada <a href=\"https:\/\/diariod3.com\/casacion-comienzan-las-audiencias-previas-para-tratar-la-condena-de-cristina-kirchner-2\/\" rel=\"noreferrer noopener\" target=\"_blank\">Casaci\u00f3n: comienzan las audiencias previas para tratar la condena de Cristina Kirchner<\/a> se public\u00f3 primero en <a href=\"https:\/\/diariod3.com\/\" rel=\"noreferrer noopener\" target=\"_blank\">DIARIO D3 NOTICIAS | SAN JUAN ARGENTINA<\/a>.<\/p>\n","protected":false},"excerpt":{"rendered":"<p>La condena a seis a\u00f1os de prisi\u00f3n impuesta a la expresidenta Cristina Fern\u00e1ndez de Kirchner en la causa abierta por los supuestos delitos cometidos, entre 2003 y 2015, en la asignaci\u00f3n de la obra p\u00fablica nacional en Santa Cruz comienza este lunes a ser revisada en distintas audiencias p\u00fablicas a cargo de la C\u00e1mara Federal de Casaci\u00f3n Penal.<\/p>\n<p>El fiscal Mario Villar fue convocado a asistir este lunes, a las 10, para exponer su postura en relaci\u00f3n a las condenas resueltas en su momento por el Tribunal Oral Federal 2 al t\u00e9rmino de un juicio oral.<\/p>\n<p>Los jueces Mariano Borinsky, Gustavo Hornos y Diego Barroetave\u00f1a, integrantes de la Sala IV del m\u00e1ximo tribunal penal federal del pa\u00eds para esta causa penal, dispusieron que todo sea trasmitido en directo por medio del canal de YouTube del Poder Judicial de la Naci\u00f3n.<\/p>\n<p>Tras escuchar a todas las partes en audiencias programadas hasta abril, los jueces estar\u00e1n en condiciones de resolver si confirman, revocan o agravan las penas impuestas a la expre..<\/p>\n","protected":false},"author":2,"featured_media":18391,"comment_status":"","ping_status":"","sticky":false,"template":"","format":"standard","meta":{"footnotes":""},"categories":[12],"tags":[],"_links":{"self":[{"href":"https:\/\/maxradio923.com.ar\/index.php\/wp-json\/wp\/v2\/posts\/18390"}],"collection":[{"href":"https:\/\/maxradio923.com.ar\/index.php\/wp-json\/wp\/v2\/posts"}],"about":[{"href":"https:\/\/maxradio923.com.ar\/index.php\/wp-json\/wp\/v2\/types\/post"}],"author":[{"embeddable":true,"href":"https:\/\/maxradio923.com.ar\/index.php\/wp-json\/wp\/v2\/users\/2"}],"replies":[{"embeddable":true,"href":"https:\/\/maxradio923.com.ar\/index.php\/wp-json\/wp\/v2\/comments?post=18390"}],"version-history":[{"count":0,"href":"https:\/\/maxradio923.com.ar\/index.php\/wp-json\/wp\/v2\/posts\/18390\/revisions"}],"wp:featuredmedia":[{"embeddable":true,"href":"https:\/\/maxradio923.com.ar\/index.php\/wp-json\/wp\/v2\/media\/18391"}],"wp:attachment":[{"href":"https:\/\/maxradio923.com.ar\/index.php\/wp-json\/wp\/v2\/media?parent=18390"}],"wp:term":[{"taxonomy":"category","embeddable":true,"href":"https:\/\/maxradio923.com.ar\/index.php\/wp-json\/wp\/v2\/categories?post=18390"},{"taxonomy":"post_tag","embeddable":true,"href":"https:\/\/maxradio923.com.ar\/index.php\/wp-json\/wp\/v2\/tags?post=18390"}],"curies":[{"name":"wp","href":"https:\/\/api.w.org\/{rel}","templated":true}]}}