{"id":1838,"date":"2023-09-05T06:05:02","date_gmt":"2023-09-05T04:05:02","guid":{"rendered":"https:\/\/maxradio923.com\/index.php\/2023\/09\/05\/donde-y-cuando-se-presentara-rauw-alejandro-en-la-argentina\/"},"modified":"2023-09-05T14:14:11","modified_gmt":"2023-09-05T12:14:11","slug":"donde-y-cuando-se-presentara-rauw-alejandro-en-la-argentina","status":"publish","type":"post","link":"https:\/\/maxradio923.com.ar\/index.php\/2023\/09\/05\/donde-y-cuando-se-presentara-rauw-alejandro-en-la-argentina\/","title":{"rendered":"D\u00f3nde y cu\u00e1ndo se presentar\u00e1 Rauw Alejandro en la Argentina"},"content":{"rendered":"<ul>\n<li>El puertorrique\u00f1o actuar\u00e1 en Buenos Aires antes de fin de a\u00f1o.<\/li>\n<li>Fechas de preventa y venta general.<\/li>\n<\/ul>\n","protected":false},"excerpt":{"rendered":"<p>El puertorrique\u00f1o actuar\u00e1 en Buenos Aires antes de fin de a\u00f1o. Fechas de preventa y venta general.<\/p>\n","protected":false},"author":2,"featured_media":1857,"comment_status":"closed","ping_status":"","sticky":false,"template":"","format":"standard","meta":{"footnotes":""},"categories":[4],"tags":[],"_links":{"self":[{"href":"https:\/\/maxradio923.com.ar\/index.php\/wp-json\/wp\/v2\/posts\/1838"}],"collection":[{"href":"https:\/\/maxradio923.com.ar\/index.php\/wp-json\/wp\/v2\/posts"}],"about":[{"href":"https:\/\/maxradio923.com.ar\/index.php\/wp-json\/wp\/v2\/types\/post"}],"author":[{"embeddable":true,"href":"https:\/\/maxradio923.com.ar\/index.php\/wp-json\/wp\/v2\/users\/2"}],"replies":[{"embeddable":true,"href":"https:\/\/maxradio923.com.ar\/index.php\/wp-json\/wp\/v2\/comments?post=1838"}],"version-history":[{"count":0,"href":"https:\/\/maxradio923.com.ar\/index.php\/wp-json\/wp\/v2\/posts\/1838\/revisions"}],"wp:featuredmedia":[{"embeddable":true,"href":"https:\/\/maxradio923.com.ar\/index.php\/wp-json\/wp\/v2\/media\/1857"}],"wp:attachment":[{"href":"https:\/\/maxradio923.com.ar\/index.php\/wp-json\/wp\/v2\/media?parent=1838"}],"wp:term":[{"taxonomy":"category","embeddable":true,"href":"https:\/\/maxradio923.com.ar\/index.php\/wp-json\/wp\/v2\/categories?post=1838"},{"taxonomy":"post_tag","embeddable":true,"href":"https:\/\/maxradio923.com.ar\/index.php\/wp-json\/wp\/v2\/tags?post=1838"}],"curies":[{"name":"wp","href":"https:\/\/api.w.org\/{rel}","templated":true}]}}