{"id":18354,"date":"2024-02-25T12:42:21","date_gmt":"2024-02-25T15:42:21","guid":{"rendered":"https:\/\/maxradio923.com.ar\/index.php\/2024\/02\/25\/cada-dia-despertamos-mas-leones-afirmo-milei-en-eeuu\/"},"modified":"2024-02-25T12:42:21","modified_gmt":"2024-02-25T15:42:21","slug":"cada-dia-despertamos-mas-leones-afirmo-milei-en-eeuu","status":"publish","type":"post","link":"https:\/\/maxradio923.com.ar\/index.php\/2024\/02\/25\/cada-dia-despertamos-mas-leones-afirmo-milei-en-eeuu\/","title":{"rendered":"\u00abCada d\u00eda despertamos m\u00e1s leones\u00bb, afirm\u00f3 Milei en EEUU"},"content":{"rendered":"<p><img decoding=\"async\" src=\"https:\/\/diariod3.com\/wp-content\/uploads\/2024\/02\/eeuu.webp\"\/><\/p>\n<p>Trump lo elogi\u00f3, al considerar que es \u00abuno de los pocos\u00bb que puede \u00abhacer grande\u00bb al pa\u00eds.<\/p>\n<figure>\n<figure><img decoding=\"async\" src=\"https:\/\/www.diariodecuyo.com.ar\/__export\/1708823754958\/sites\/diariodecuyo\/img\/2024\/02\/24\/dcc250224-007f02.jpg_1536916664.jpg\" alt=\"En redes. El abrazo con Trump se reprodujo en redes. - Milei EEUU\"\/><\/p>\n<p>1 de 1 | En redes. El abrazo con Trump se reprodujo en redes. ()<\/p>\n<\/figure>\n<\/figure>\n<p>El presidente Javier Milei asegur\u00f3 ayer que no se va \u00aba rendir\u00bb, ya que quiere una \u00abArgentina grande de nuevo\u00bb. El mandatario dijo que \u00abcada d\u00eda despertamos m\u00e1s leones\u00bb, al disertar en Washington (EEUU) en la Conferencia de Acci\u00f3n Pol\u00edtica Conservadora (CPAC).<\/p>\n<p>\u00abNo nos vamos a rendir\u00bb, asegur\u00f3 Milei en el encuentro anual que re\u00fane a referentes de la derecha de EEUU. Las declaraciones de Milei son un gui\u00f1o en respuesta a las palabras que le dedic\u00f3 previamente el expresidente estadounidense, Donald Trump, en su exposici\u00f3n cuando lo destac\u00f3 como \u00abuno de los pocos\u00bb que puede \u00abhacer grande a Argentina de nuevo\u00bb (Make Argentina Great Again).<\/p>\n<p>\u00abEl presidente de Argentina es un gran caballero, es MAGA, es verdad. \u00c9l lo dijo: \u00absoy MAGA\u00bb. Y me di cuenta que es uno de los pocos que lo puede hacer bien\u00bb, hab\u00eda afirmado Trump en su discurso.<\/p>\n<p>Milei en su exposici\u00f3n pidi\u00f3 a EEUU que \u00abno dejen avanzar al socialismo, no avalen la regulaci\u00f3n, la idea de fallos de mercado, no permitan el avance de la agenda asesina (del aborto) y no se dejen llevar por los cantos de sirena de la justicia social\u00bb.<\/p>\n<p>El tambi\u00e9n economista agreg\u00f3 que viene \u00abde un pa\u00eds que compr\u00f3 todas esas ideas\u00bb y les pidi\u00f3 a los estadounidenses que \u00abno entreguen su libertad\u00bb porque si no \u00ablos van a llevar a la miseria\u00bb.<\/p>\n<p>\u00abQuiero dejarles un mensaje de optimismo: Argentina parec\u00eda un pa\u00eds de ovejas condenado a la pobreza que nos llevan los socialistas, pero cuando inici\u00e9 mi carrera pol\u00edtica dije que no ven\u00eda a guiar corderos, sino a despertar leones. Cada d\u00eda despertamos m\u00e1s leones\u00bb, afirm\u00f3 Milei ante el auditorio.<\/p>\n<p>Record\u00f3 que las \u00abdos primeras grandes medidas\u00bb que tom\u00f3 en su gesti\u00f3n fueron el Decreto de Necesidad y Urgencia (DNU) 70\/2023 y el proyecto de Ley \u00abBases\u00bb.<\/p>\n<p>\u00abNos encontramos con grandes resistencias\u00bb, asegur\u00f3 y critic\u00f3 a los \u00abpol\u00edticos corruptos que priorizan sus privilegios\u00bb, a los empresarios \u00abprebendarios\u00bb, a los medios de comunicaci\u00f3n y a los sindicalistas.<\/p>\n<p>\u00abArgentina entr\u00f3 al siglo XX siendo uno de los pa\u00edses m\u00e1s ricos del mundo y hoy est\u00e1 140\u00b0 en el ranking mundial con m\u00e1s de 50 por ciento de pobres y m\u00e1s de 10 por ciento de indigentes. Cuando uno mira la cantidad de regulaciones uno entiende por qu\u00e9\u00bb, apunt\u00f3.<\/p>\n<p>El Presidente insisti\u00f3 en que el empresario es \u00abun benefactor social y la base de la prosperidad\u00bb<\/p>\n<p><strong>Breve encuentro<\/strong><\/p>\n<h2>Emocionado por abrazo en Washington<\/h2>\n<p>Javier Milei mantuvo ayer un encuentro con el expresidente de EEUU, Donald Trump, en el marco de la Conferencia de Acci\u00f3n Pol\u00edtica Conservadora (CPAC) en Washington.<\/p>\n<p>El breve encuentro qued\u00f3 reflejado en un video difundido por Presidencia de la Naci\u00f3n en X y tambi\u00e9n fue replicado por el vocero Manuel Adorni, en la misma red social.<\/p>\n<p>En el video se ve a Milei saludar a Trump con un abrazo y el expresidente le dice: \u00abMake Argentina great again\u00bb (haz grande a la Argentina otra vez).<\/p>\n<p>\u00abGracias Milei, muchas gracias, es un gran honor tenerte aqu\u00ed\u00bb, dijo Trump al mandatario argentino, quien le respondi\u00f3: \u00abPresidente, qu\u00e9 lindo conocerlo. Es un gran placer conocerlo, presidente. Es un gran honor para m\u00ed, gracias por sus palabras hacia m\u00ed. Estoy muy contento, es muy generoso. Muchas gracias, es un gran placer\u00bb.<\/p>\n<p>Ambos posaron para una foto y Milei repiti\u00f3 su tradicional frase: \u00abViva la libertad, carajo\u00bb. Milei agreg\u00f3: \u00abMuchas gracias, usted es un gran presidente y espero que gane\u00bb. El encuentro se produjo antes de la exposici\u00f3n de Milei ante la CPAC.<\/p>\n<p>La entrada <a href=\"https:\/\/diariod3.com\/cada-dia-despertamos-mas-leones-afirmo-milei-en-eeuu\/\" rel=\"noreferrer noopener\" target=\"_blank\">\u00abCada d\u00eda despertamos m\u00e1s leones\u00bb, afirm\u00f3 Milei en EEUU<\/a> se public\u00f3 primero en <a href=\"https:\/\/diariod3.com\/\" rel=\"noreferrer noopener\" target=\"_blank\">DIARIO D3 NOTICIAS | SAN JUAN ARGENTINA<\/a>.<\/p>\n","protected":false},"excerpt":{"rendered":"<p>Trump lo elogi\u00f3, al considerar que es \u00abuno de los pocos\u00bb que puede \u00abhacer grande\u00bb al pa\u00eds.<\/p>\n<p>1 de 1 | En redes. El abrazo con Trump se reprodujo en redes. ()<\/p>\n<p>El presidente Javier Milei asegur\u00f3 ayer que no se va \u00aba rendir\u00bb, ya que quiere una \u00abArgentina grande de nuevo\u00bb. El mandatario dijo que \u00abcada d\u00eda despertamos m\u00e1s leones\u00bb, al disertar en Washington (EEUU) en la Conferencia de Acci\u00f3n Pol\u00edtica Conservadora (CPAC).<\/p>\n<p>\u00abNo nos vamos a rendir\u00bb, asegur\u00f3 Milei en el encuentro anual que re\u00fane a referentes de la derecha de EEUU. Las declaraciones de Milei son un gui\u00f1o en respuesta a las palabras que le dedic\u00f3 previamente el expresidente estadounidense, Donald Trump, en su exposici\u00f3n cuando lo destac\u00f3 como \u00abuno de los pocos\u00bb que puede \u00abhacer grande a Argentina de nuevo\u00bb (Make Argentina Great Again).<\/p>\n<p>\u00abEl presidente de Argentina es un gran caballero, es MAGA, es verdad. \u00c9l lo dijo: \u00absoy MAGA\u00bb. Y me di cuenta que es uno de los pocos que lo puede hacer bien\u00bb, hab\u00eda afirmado Trump en su discurso.<\/p>\n<p>..<\/p>\n","protected":false},"author":2,"featured_media":18355,"comment_status":"","ping_status":"","sticky":false,"template":"","format":"standard","meta":{"footnotes":""},"categories":[12],"tags":[],"_links":{"self":[{"href":"https:\/\/maxradio923.com.ar\/index.php\/wp-json\/wp\/v2\/posts\/18354"}],"collection":[{"href":"https:\/\/maxradio923.com.ar\/index.php\/wp-json\/wp\/v2\/posts"}],"about":[{"href":"https:\/\/maxradio923.com.ar\/index.php\/wp-json\/wp\/v2\/types\/post"}],"author":[{"embeddable":true,"href":"https:\/\/maxradio923.com.ar\/index.php\/wp-json\/wp\/v2\/users\/2"}],"replies":[{"embeddable":true,"href":"https:\/\/maxradio923.com.ar\/index.php\/wp-json\/wp\/v2\/comments?post=18354"}],"version-history":[{"count":0,"href":"https:\/\/maxradio923.com.ar\/index.php\/wp-json\/wp\/v2\/posts\/18354\/revisions"}],"wp:featuredmedia":[{"embeddable":true,"href":"https:\/\/maxradio923.com.ar\/index.php\/wp-json\/wp\/v2\/media\/18355"}],"wp:attachment":[{"href":"https:\/\/maxradio923.com.ar\/index.php\/wp-json\/wp\/v2\/media?parent=18354"}],"wp:term":[{"taxonomy":"category","embeddable":true,"href":"https:\/\/maxradio923.com.ar\/index.php\/wp-json\/wp\/v2\/categories?post=18354"},{"taxonomy":"post_tag","embeddable":true,"href":"https:\/\/maxradio923.com.ar\/index.php\/wp-json\/wp\/v2\/tags?post=18354"}],"curies":[{"name":"wp","href":"https:\/\/api.w.org\/{rel}","templated":true}]}}