{"id":18248,"date":"2024-02-23T09:12:09","date_gmt":"2024-02-23T12:12:09","guid":{"rendered":"https:\/\/maxradio923.com.ar\/index.php\/2024\/02\/23\/polemica-por-declaraciones-del-presidente-del-inv-a-favor-de-la-importacion-de-vino\/"},"modified":"2024-02-23T09:12:09","modified_gmt":"2024-02-23T12:12:09","slug":"polemica-por-declaraciones-del-presidente-del-inv-a-favor-de-la-importacion-de-vino","status":"publish","type":"post","link":"https:\/\/maxradio923.com.ar\/index.php\/2024\/02\/23\/polemica-por-declaraciones-del-presidente-del-inv-a-favor-de-la-importacion-de-vino\/","title":{"rendered":"Pol\u00e9mica por Declaraciones del Presidente del INV a Favor de la Importaci\u00f3n de Vino"},"content":{"rendered":"<p><img decoding=\"async\" src=\"https:\/\/diariod3.com\/wp-content\/uploads\/2024\/02\/whatsapp-image-2024-02-22-at-132318jpeg.png\"\/><\/p>\n<p>Las declaraciones provocaron la reacci\u00f3n negativa de los representantes de la Federaci\u00f3n de Vi\u00f1ateros y la Federaci\u00f3n de Vi\u00f1ateros Independientes, quienes argumentaron que una apertura en el escenario actual perjudicar\u00eda al sector y afectar\u00eda su competitividad. Adem\u00e1s, destacaron que las condiciones actuales del mercado, con dos tipos de cambio en el pa\u00eds, no permiten hablar de un libre mercado.<\/p>\n<p>Eduardo Garc\u00e9s, presidente de la Federaci\u00f3n de Vi\u00f1ateros, se\u00f1al\u00f3 que el libre mercado resulta desventajoso para los productores debido a la diferencia entre los costos en d\u00f3lares blue para insumos y el valor oficial al exportar. Por su parte, Juan Jos\u00e9 Ramos de la Federaci\u00f3n de Vi\u00f1ateros Independientes expres\u00f3 la necesidad de que el Estado medie entre industriales y productores para garantizar la rentabilidad de ambos.<\/p>\n<p>Adem\u00e1s, los vi\u00f1ateros recordaron la experiencia negativa de la importaci\u00f3n de vino chileno a granel en 2017, que gener\u00f3 sobrestock y afect\u00f3 los precios locales. Criticaron la calidad del vino chileno y destacaron las diferencias en las reglas del juego, ya que se permite un mayor porcentaje de agua en el producto importado.<\/p>\n<p>Las declaraciones de Tizio generaron preocupaci\u00f3n en el sector vitivin\u00edcola argentino, que enfrenta diversos desaf\u00edos, incluida la situaci\u00f3n econ\u00f3mica y la presi\u00f3n inflacionaria. La discusi\u00f3n sobre la importaci\u00f3n de vino continuar\u00e1 siendo un tema sensible en la industria.<\/p>\n<p>Op: Juan Llarena<\/p>\n<p>La entrada Pol\u00e9mica por Declaraciones del Presidente del INV a Favor de la Importaci\u00f3n de Vino se public\u00f3 primero en DIARIO D3 NOTICIAS | SAN JUAN ARGENTINA.<\/p>\n","protected":false},"excerpt":{"rendered":"<p>Las declaraciones provocaron la reacci\u00f3n negativa de los representantes de la Federaci\u00f3n de Vi\u00f1ateros y la Federaci\u00f3n de Vi\u00f1ateros Independientes, quienes argumentaron que una apertura en el escenario actual perjudicar\u00eda al sector y afectar\u00eda su competitividad. Adem\u00e1s, destacaron que las condiciones actuales del mercado, con dos tipos de cambio en el pa\u00eds, no permiten hablar de un libre mercado.<br \/>\n Eduardo Garc\u00e9s, presidente de la Federaci\u00f3n de Vi\u00f1ateros, se\u00f1al\u00f3 que el libre mercado resulta desventajoso para los productores debido a la diferencia entre los costos en d\u00f3lares blue para insumos y el valor oficial al exportar. Por su parte, Juan Jos\u00e9 Ramos de la Federaci\u00f3n de Vi\u00f1ateros Independientes expres\u00f3 la necesidad de que el Estado medie entre industriales y productores para garantizar la rentabilidad de ambos.<br \/>\n Adem\u00e1s, los vi\u00f1ateros recordaron la experiencia negativa de la importaci\u00f3n de vino chileno a granel en 2017, que gener\u00f3 sobrestock y afect\u00f3 los precios locales. Criticaron la c..<\/p>\n","protected":false},"author":2,"featured_media":18249,"comment_status":"","ping_status":"","sticky":false,"template":"","format":"standard","meta":{"footnotes":""},"categories":[8],"tags":[],"_links":{"self":[{"href":"https:\/\/maxradio923.com.ar\/index.php\/wp-json\/wp\/v2\/posts\/18248"}],"collection":[{"href":"https:\/\/maxradio923.com.ar\/index.php\/wp-json\/wp\/v2\/posts"}],"about":[{"href":"https:\/\/maxradio923.com.ar\/index.php\/wp-json\/wp\/v2\/types\/post"}],"author":[{"embeddable":true,"href":"https:\/\/maxradio923.com.ar\/index.php\/wp-json\/wp\/v2\/users\/2"}],"replies":[{"embeddable":true,"href":"https:\/\/maxradio923.com.ar\/index.php\/wp-json\/wp\/v2\/comments?post=18248"}],"version-history":[{"count":0,"href":"https:\/\/maxradio923.com.ar\/index.php\/wp-json\/wp\/v2\/posts\/18248\/revisions"}],"wp:featuredmedia":[{"embeddable":true,"href":"https:\/\/maxradio923.com.ar\/index.php\/wp-json\/wp\/v2\/media\/18249"}],"wp:attachment":[{"href":"https:\/\/maxradio923.com.ar\/index.php\/wp-json\/wp\/v2\/media?parent=18248"}],"wp:term":[{"taxonomy":"category","embeddable":true,"href":"https:\/\/maxradio923.com.ar\/index.php\/wp-json\/wp\/v2\/categories?post=18248"},{"taxonomy":"post_tag","embeddable":true,"href":"https:\/\/maxradio923.com.ar\/index.php\/wp-json\/wp\/v2\/tags?post=18248"}],"curies":[{"name":"wp","href":"https:\/\/api.w.org\/{rel}","templated":true}]}}