{"id":18238,"date":"2024-02-23T09:09:39","date_gmt":"2024-02-23T12:09:39","guid":{"rendered":"https:\/\/maxradio923.com.ar\/index.php\/2024\/02\/23\/plaza-de-villa-krause-deteriorada-por-vandalismo-y-falta-de-cuidados\/"},"modified":"2024-02-23T09:09:39","modified_gmt":"2024-02-23T12:09:39","slug":"plaza-de-villa-krause-deteriorada-por-vandalismo-y-falta-de-cuidados","status":"publish","type":"post","link":"https:\/\/maxradio923.com.ar\/index.php\/2024\/02\/23\/plaza-de-villa-krause-deteriorada-por-vandalismo-y-falta-de-cuidados\/","title":{"rendered":"Plaza de Villa Krause Deteriorada por Vandalismo y Falta de Cuidados"},"content":{"rendered":"\n<p>Se observan muros con fragmentos faltantes, papeleros met\u00e1licos despintados y herrumbrados, bancos de madera en mal estado, y bustos de sanjuaninos destacados con se\u00f1ales de ataques.<\/p>\n<p>Vecinos y comerciantes expresan su preocupaci\u00f3n por el estado de la plaza y se\u00f1alan que la falta de reparaci\u00f3n por parte del municipio contribuye al deterioro continuo. A pesar de la presencia de vandalismo, tambi\u00e9n se destaca la necesidad de un mantenimiento adecuado para preservar este espacio p\u00fablico. Desde la administraci\u00f3n municipal se menciona que est\u00e1n trabajando en la recuperaci\u00f3n de la plaza, comenzando con la reposici\u00f3n de c\u00e9sped y posteriormente la restauraci\u00f3n de las instalaciones da\u00f1adas.<\/p>\n<p>Op: Juan Llarena<\/p>\n","protected":false},"excerpt":{"rendered":"<p>Se observan muros con fragmentos faltantes, papeleros met\u00e1licos despintados y herrumbrados, bancos de madera en mal estado, y bustos de sanjuaninos destacados con se\u00f1ales de ataques.<br \/>\n Vecinos y comerciantes expresan su preocupaci\u00f3n por el estado de la plaza y se\u00f1alan que la falta de reparaci\u00f3n por parte del municipio contribuye al deterioro continuo. A pesar de la presencia de vandalismo, tambi\u00e9n se destaca la necesidad de un mantenimiento adecuado para preservar este espacio p\u00fablico. Desde la administraci\u00f3n municipal se menciona que est\u00e1n trabajando en la recuperaci\u00f3n de la plaza, comenzando con la reposici\u00f3n de c\u00e9sped y posteriormente la restauraci\u00f3n de las instalaciones da\u00f1adas.<br \/>\n Op: Juan Llarena<\/p>\n","protected":false},"author":2,"featured_media":18239,"comment_status":"","ping_status":"","sticky":false,"template":"","format":"standard","meta":{"footnotes":""},"categories":[5],"tags":[],"_links":{"self":[{"href":"https:\/\/maxradio923.com.ar\/index.php\/wp-json\/wp\/v2\/posts\/18238"}],"collection":[{"href":"https:\/\/maxradio923.com.ar\/index.php\/wp-json\/wp\/v2\/posts"}],"about":[{"href":"https:\/\/maxradio923.com.ar\/index.php\/wp-json\/wp\/v2\/types\/post"}],"author":[{"embeddable":true,"href":"https:\/\/maxradio923.com.ar\/index.php\/wp-json\/wp\/v2\/users\/2"}],"replies":[{"embeddable":true,"href":"https:\/\/maxradio923.com.ar\/index.php\/wp-json\/wp\/v2\/comments?post=18238"}],"version-history":[{"count":0,"href":"https:\/\/maxradio923.com.ar\/index.php\/wp-json\/wp\/v2\/posts\/18238\/revisions"}],"wp:featuredmedia":[{"embeddable":true,"href":"https:\/\/maxradio923.com.ar\/index.php\/wp-json\/wp\/v2\/media\/18239"}],"wp:attachment":[{"href":"https:\/\/maxradio923.com.ar\/index.php\/wp-json\/wp\/v2\/media?parent=18238"}],"wp:term":[{"taxonomy":"category","embeddable":true,"href":"https:\/\/maxradio923.com.ar\/index.php\/wp-json\/wp\/v2\/categories?post=18238"},{"taxonomy":"post_tag","embeddable":true,"href":"https:\/\/maxradio923.com.ar\/index.php\/wp-json\/wp\/v2\/tags?post=18238"}],"curies":[{"name":"wp","href":"https:\/\/api.w.org\/{rel}","templated":true}]}}