{"id":18224,"date":"2024-02-23T09:07:37","date_gmt":"2024-02-23T12:07:37","guid":{"rendered":"https:\/\/maxradio923.com.ar\/index.php\/2024\/02\/23\/quien-es-homero-el-cubano-giles-cerebro-de-la-campora-y-presidente-del-ioma-asediado-por-reclamos\/"},"modified":"2024-02-23T09:07:37","modified_gmt":"2024-02-23T12:07:37","slug":"quien-es-homero-el-cubano-giles-cerebro-de-la-campora-y-presidente-del-ioma-asediado-por-reclamos","status":"publish","type":"post","link":"https:\/\/maxradio923.com.ar\/index.php\/2024\/02\/23\/quien-es-homero-el-cubano-giles-cerebro-de-la-campora-y-presidente-del-ioma-asediado-por-reclamos\/","title":{"rendered":"Qui\u00e9n es Homero &#8220;El cubano&#8221; Giles, cerebro de La C\u00e1mpora y presidente del IOMA asediado por reclamos"},"content":{"rendered":"<ul>\n<li>Estudi\u00f3 en una facultad de La Habana.<\/li>\n<li>Se cri\u00f3 en San Pablo donde sus padres estuvieron exiliados, perseguidos por la dictadura.<\/li>\n<li>Los conflictos que afront\u00f3 como presidente de la obra social<\/li>\n<\/ul>\n","protected":false},"excerpt":{"rendered":"<p>Estudi\u00f3 en una facultad de La Habana.Se cri\u00f3 en San Pablo donde sus padres estuvieron exiliados, perseguidos por la dictadura.Los conflictos que afront\u00f3 como presidente de la obra social<\/p>\n","protected":false},"author":2,"featured_media":18225,"comment_status":"","ping_status":"","sticky":false,"template":"","format":"standard","meta":{"footnotes":""},"categories":[9],"tags":[],"_links":{"self":[{"href":"https:\/\/maxradio923.com.ar\/index.php\/wp-json\/wp\/v2\/posts\/18224"}],"collection":[{"href":"https:\/\/maxradio923.com.ar\/index.php\/wp-json\/wp\/v2\/posts"}],"about":[{"href":"https:\/\/maxradio923.com.ar\/index.php\/wp-json\/wp\/v2\/types\/post"}],"author":[{"embeddable":true,"href":"https:\/\/maxradio923.com.ar\/index.php\/wp-json\/wp\/v2\/users\/2"}],"replies":[{"embeddable":true,"href":"https:\/\/maxradio923.com.ar\/index.php\/wp-json\/wp\/v2\/comments?post=18224"}],"version-history":[{"count":0,"href":"https:\/\/maxradio923.com.ar\/index.php\/wp-json\/wp\/v2\/posts\/18224\/revisions"}],"wp:featuredmedia":[{"embeddable":true,"href":"https:\/\/maxradio923.com.ar\/index.php\/wp-json\/wp\/v2\/media\/18225"}],"wp:attachment":[{"href":"https:\/\/maxradio923.com.ar\/index.php\/wp-json\/wp\/v2\/media?parent=18224"}],"wp:term":[{"taxonomy":"category","embeddable":true,"href":"https:\/\/maxradio923.com.ar\/index.php\/wp-json\/wp\/v2\/categories?post=18224"},{"taxonomy":"post_tag","embeddable":true,"href":"https:\/\/maxradio923.com.ar\/index.php\/wp-json\/wp\/v2\/tags?post=18224"}],"curies":[{"name":"wp","href":"https:\/\/api.w.org\/{rel}","templated":true}]}}