{"id":1822,"date":"2023-09-05T02:25:13","date_gmt":"2023-09-05T00:25:13","guid":{"rendered":"https:\/\/maxradio923.com\/index.php\/2023\/09\/05\/alberto-fernandez-los-que-hablan-de-la-libertad-son-negacionistas-de-la-dictadura\/"},"modified":"2023-09-05T12:44:33","modified_gmt":"2023-09-05T10:44:33","slug":"alberto-fernandez-los-que-hablan-de-la-libertad-son-negacionistas-de-la-dictadura","status":"publish","type":"post","link":"https:\/\/maxradio923.com.ar\/index.php\/2023\/09\/05\/alberto-fernandez-los-que-hablan-de-la-libertad-son-negacionistas-de-la-dictadura\/","title":{"rendered":"Alberto Fern\u00e1ndez: \u201cLos que hablan de la libertad son negacionistas de la dictadura\u201d"},"content":{"rendered":"<p><img decoding=\"async\" src=\"https:\/\/diariod3.com\/inicio\/wp-content\/uploads\/2023\/09\/acto-fernandez-940x529-1.jpg\"\/><\/p>\n<h2>El presidente volvi\u00f3 a confrontar con Javier Milei al encabezar un acto en San Juan. Adem\u00e1s, evalu\u00f3: \u201cNos tocaron cuatro a\u00f1os espantosos para gobernar y sin embargo la sacamos adelante\u201d<\/h2>\n<p>El presidente Alberto Fern\u00e1ndez calific\u00f3 este lunes al candidato presidencial de la Libertad Avanza, Javier Milei, como un \u201cnegacionista de la dictadura\u201d al encabezar un acto en la provincia de San Juan y en la previa del homenaje que realizar\u00e1 esta tarde Victoria Villarruel a las v\u00edctimas de ataques terroristas perpetrados en los 70\u2032s.<\/p>\n<p>\u201cNosotros no somos negacionistas del cambio clim\u00e1tico, nosotros no somos negacionistas de la dictadura, los negacionistas son los que hablan de la libertad\u201d, asegur\u00f3 el jefe de Estado.<\/p>\n<p>Y continu\u00f3: \u201cTampoco somos parte de una casta, la verdadera casta est\u00e1 protegida por los que dicen estar en contra de la casta y es la casta econ\u00f3mica argentina, que posterga el desarrollo del pa\u00eds para seguir concentrando el ingreso y la riqueza en unos pocos; esa es la verdadera casta y contra esa casta hay que pelear\u201d.<\/p>\n<p>Las palabras del Presidente se dieron en la inauguraci\u00f3n de 788 viviendas en la localidad de Pocitos, en un acto en el que estuvo acompa\u00f1ado por el gobernador Sergio U\u00f1ac, el ministro de Desarrollo Territorial y H\u00e1bitat de la Naci\u00f3n, Santiago Maggiotti, y autoridades locales.<\/p>\n<p>Esta tarde, desde las 17, se har\u00e1 en el Sal\u00f3n Dorado de la Legislatura de la Ciudad de Buenos que organiza la candidata a vicepresidenta por La Libertad Avanza (LLA), Victoria Villarruel, en el que har\u00e1 un homenaje a las v\u00edctimas del terrorismo de organizaciones armadas como el Ej\u00e9rcito Revolucionario del Pueblo (ERP) y Montoneros. Esa convocatoria provoc\u00f3 el rechazo de otros sectores del arco pol\u00edtico y que distintos organismos de derechos humanos y del sindicalismo se movilicen en un acto de repudio en la calle Per\u00fa al 100. La zona fue vallada por la Polic\u00eda porte\u00f1a previendo que se produzcan incidentes.<\/p>\n<p>\u201cLes pido que a la hora de votar, nos tocaron cuatro a\u00f1os espantosos de la humanidad para gobernar, y sin embargo le pusimos el pecho y la sacamos adelante y les pido que no retrocedamos, cuando llegue la hora de votar hace falta que (Sergio) Massa sea presidente\u201d, pidi\u00f3 Alberto Fern\u00e1ndez con tono en\u00e9rgico en otro tramo de su alocuci\u00f3n.<\/p>\n<p>Tambi\u00e9n intent\u00f3 diferenciarse del candidato libertario Javier Milei, quien en las Primarias result\u00f3 el candidato m\u00e1s votado relegando al segundo lugar a Juntos por el Cambio y dejando en el tercer lugar al oficialismo de Uni\u00f3n por la Patria, al referirse al rol del Estado, que en esta oportunidad financi\u00f3 junto a la provincia cuyana la construcci\u00f3n de viviendas para quienes fueron v\u00edctimas de un terremoto en enero de 2021.<\/p>\n<p>\u201cLos problemas de los argentinos no se resuelven sacando al Estado. El 70%\u201d de los gastos p\u00fablicos est\u00e1n orientados a las jubilaciones y a la asistencia de los que m\u00e1s necesitan\u201d, asegur\u00f3. \u201c\u00bfQu\u00e9 van a ajustar? \u00bfQu\u00e9 van a sacarle a los jubilados?\u00bfQu\u00e9 es lo que quieren hacer?\u201d, se pregunt\u00f3.<\/p>\n<p>Como una suerte de autocr\u00edtica de su gesti\u00f3n que culmina el 10 de diciembre manifest\u00f3 que \u201cla situaci\u00f3n no es f\u00e1cil. Sabemos el problema que genera la inflaci\u00f3n en los ingresos de la gente. Ese problema no se resuelve sacando el Estado del medio\u201d.<\/p>\n<p>Las cr\u00edticas del Presidente hacia Milei tambi\u00e9n se hab\u00edan producido el jueves, cuando inaugur\u00f3 un tramo de la ruta n\u00famero 3 en la localidad de Famatina. All\u00ed se hab\u00eda opuesto a la eliminaci\u00f3n del ministerio de Obras P\u00fablicas y hab\u00eda fustigado a los pol\u00edticos que tienen \u201cuna fachada de rockstar\u201d pero que esconden \u201cuna enorme mentira que enga\u00f1a a los j\u00f3venes y a los confundidos\u201d.<\/p>\n<p>En esta oportunidad el primer mandatario eligi\u00f3 confrontar con Milei sobre su pol\u00edtica de derechos humanos. En el homenaje que prepara la diputada nacional Villarruel ser\u00e1n evocados tres actos terroristas que tuvieron lugar antes del golpe de Estado, durante el gobierno constitucional de Isabel Mart\u00ednez de Per\u00f3n. Se escuchar\u00e1n los testimonios de Lorenza Ferrari, madre de Laura, una estudiante de 18 a\u00f1os que muri\u00f3 por la explosi\u00f3n de un coche bomba de Montoneros en 1975; el de Graciela Saraspe, hija de H\u00e9ctor, encargado de un bar, asesinado en Santa Luc\u00eda (Tucum\u00e1n) por el ERP, en 1974, y el de Arturo Larrabure, hijo de de un militar secuestrado y asesinado por el ERP luego de pasar m\u00e1s de un a\u00f1o encerrado en un calabozo en 1975.<\/p>\n<p>Fuente: INFOBAE<\/p>\n<p>Por: Graciela Herrera<\/p>\n<p>La entrada <a href=\"https:\/\/diariod3.com\/inicio\/alberto-fernandez-los-que-hablan-de-la-libertad-son-negacionistas-de-la-dictadura\/\" rel=\"noreferrer noopener\" target=\"_blank\">Alberto Fern\u00e1ndez: \u201cLos que hablan de la libertad son negacionistas de la dictadura\u201d<\/a> se public\u00f3 primero en <a href=\"https:\/\/diariod3.com\/inicio\" rel=\"noreferrer noopener\" target=\"_blank\">DIARIO D3 NOTICIAS<\/a>.<\/p>\n","protected":false},"excerpt":{"rendered":"<p>El presidente volvi\u00f3 a confrontar con Javier Milei al encabezar un acto en San Juan. Adem\u00e1s, evalu\u00f3: \u201cNos tocaron cuatro a\u00f1os espantosos para gobernar y sin embargo la sacamos adelante\u201d El presidente Alberto Fern\u00e1ndez calific\u00f3 este lunes al candidato presidencial de la Libertad Avanza, Javier Milei, como un \u201cnegacionista de la dictadura\u201d al encabezar un [&hellip;]<\/p>\n","protected":false},"author":2,"featured_media":1856,"comment_status":"closed","ping_status":"","sticky":false,"template":"","format":"standard","meta":{"footnotes":""},"categories":[12],"tags":[],"_links":{"self":[{"href":"https:\/\/maxradio923.com.ar\/index.php\/wp-json\/wp\/v2\/posts\/1822"}],"collection":[{"href":"https:\/\/maxradio923.com.ar\/index.php\/wp-json\/wp\/v2\/posts"}],"about":[{"href":"https:\/\/maxradio923.com.ar\/index.php\/wp-json\/wp\/v2\/types\/post"}],"author":[{"embeddable":true,"href":"https:\/\/maxradio923.com.ar\/index.php\/wp-json\/wp\/v2\/users\/2"}],"replies":[{"embeddable":true,"href":"https:\/\/maxradio923.com.ar\/index.php\/wp-json\/wp\/v2\/comments?post=1822"}],"version-history":[{"count":0,"href":"https:\/\/maxradio923.com.ar\/index.php\/wp-json\/wp\/v2\/posts\/1822\/revisions"}],"wp:featuredmedia":[{"embeddable":true,"href":"https:\/\/maxradio923.com.ar\/index.php\/wp-json\/wp\/v2\/media\/1856"}],"wp:attachment":[{"href":"https:\/\/maxradio923.com.ar\/index.php\/wp-json\/wp\/v2\/media?parent=1822"}],"wp:term":[{"taxonomy":"category","embeddable":true,"href":"https:\/\/maxradio923.com.ar\/index.php\/wp-json\/wp\/v2\/categories?post=1822"},{"taxonomy":"post_tag","embeddable":true,"href":"https:\/\/maxradio923.com.ar\/index.php\/wp-json\/wp\/v2\/tags?post=1822"}],"curies":[{"name":"wp","href":"https:\/\/api.w.org\/{rel}","templated":true}]}}