{"id":18216,"date":"2024-02-22T19:55:07","date_gmt":"2024-02-22T22:55:07","guid":{"rendered":"https:\/\/maxradio923.com.ar\/index.php\/2024\/02\/22\/robo-de-moto-en-consorcio-pedido-de-ayuda-a-la-comunidad\/"},"modified":"2024-02-22T19:55:07","modified_gmt":"2024-02-22T22:55:07","slug":"robo-de-moto-en-consorcio-pedido-de-ayuda-a-la-comunidad","status":"publish","type":"post","link":"https:\/\/maxradio923.com.ar\/index.php\/2024\/02\/22\/robo-de-moto-en-consorcio-pedido-de-ayuda-a-la-comunidad\/","title":{"rendered":"Robo de Moto en Consorcio: Pedido de Ayuda a la Comunidad"},"content":{"rendered":"<p><img decoding=\"async\" src=\"https:\/\/diariod3.com\/wp-content\/uploads\/2024\/02\/image_1_crop1708614119454.png_1536916664.webp\"\/> <\/p>\n<p>En la madrugada del pasado jueves, un vecino del consorcio donde reside descubri\u00f3 que el port\u00f3n el\u00e9ctrico estaba abierto de forma inusual. Tras alertar a los dem\u00e1s residentes a trav\u00e9s del grupo de Whatsapp, Victoria se percat\u00f3 de que su moto, una Zanella Hot 90cc (A027QTM), hab\u00eda sido sustra\u00edda.<\/p>\n<p>https:\/\/www.instagram.com\/reel\/C3qAA04OcZq\/?utm_source=ig_embed&#038;utm_campaign=loading<\/p>\n<p>El momento del robo qued\u00f3 registrado en las c\u00e1maras de seguridad instaladas por otro inquilino, mostrando al delincuente llev\u00e1ndose la moto. Adem\u00e1s, se report\u00f3 que el ladr\u00f3n intent\u00f3 llevarse ropa de la cochera, aunque aparentemente no lo logr\u00f3 y la abandon\u00f3 cerca de otro veh\u00edculo.<\/p>\n<p>Tras presentar la denuncia correspondiente, Victoria recurri\u00f3 a las redes sociales en busca de ayuda de la comunidad para recuperar su medio de transporte, vital para su sustento econ\u00f3mico.<\/p>\n<p>Se solicita a cualquier persona que tenga informaci\u00f3n sobre el paradero de la moto o pueda aportar datos relevantes que se comunique con las autoridades locales o directamente con la afectada. Cualquier ayuda ser\u00e1 fundamental para resolver este lamentable incidente y brindar apoyo a Victoria en esta dif\u00edcil situaci\u00f3n.<\/p>\n<p><img decoding=\"async\" src=\"https:\/\/www.diariodecuyo.com.ar\/export\/sites\/diariodecuyo\/img\/2024\/02\/22\/image_2_crop1708614255176.png_1016146489.png\"\/><\/p>\n<p>Juntos, podemos contribuir a recuperar lo que leg\u00edtimamente le pertenece a Victoria y poner fin a estos actos delictivos que afectan a nuestra comunidad.<\/p>\n<p>OPERADOR: EUGENIA VILA<\/p>\n<p>La entrada Robo de Moto en Consorcio: Pedido de Ayuda a la Comunidad se public\u00f3 primero en DIARIO D3 NOTICIAS | SAN JUAN ARGENTINA.<\/p>\n","protected":false},"excerpt":{"rendered":"<p>En la madrugada del pasado jueves, un vecino del consorcio donde reside descubri\u00f3 que el port\u00f3n el\u00e9ctrico estaba abierto de forma inusual. Tras alertar a los dem\u00e1s residentes a trav\u00e9s del grupo de Whatsapp, Victoria se percat\u00f3 de que su moto, una Zanella Hot 90cc (A027QTM), hab\u00eda sido sustra\u00edda.<br \/>\n https:\/\/www.instagram.com\/reel\/C3qAA04OcZq\/?utm_source=ig_embed&#038;utm_campaign=loading<br \/>\n El momento del robo qued\u00f3 registrado en las c\u00e1maras de seguridad instaladas por otro inquilino, mostrando al delincuente llev\u00e1ndose la moto. Adem\u00e1s, se report\u00f3 que el ladr\u00f3n intent\u00f3 llevarse ropa de la cochera, aunque aparentemente no lo logr\u00f3 y la abandon\u00f3 cerca de otro veh\u00edculo.<br \/>\n Tras presentar la denuncia correspondiente, Victoria recurri\u00f3 a las redes sociales en busca de ayuda de la comunidad para recuperar su medio de transporte, vital para su sustento econ\u00f3mico.<br \/>\n Se solicita a cualquier persona que tenga informaci\u00f3n sobre el paradero de la moto o pueda aportar datos relevantes que se comunique con las a..<\/p>\n","protected":false},"author":2,"featured_media":18217,"comment_status":"","ping_status":"","sticky":false,"template":"","format":"standard","meta":{"footnotes":""},"categories":[8],"tags":[],"_links":{"self":[{"href":"https:\/\/maxradio923.com.ar\/index.php\/wp-json\/wp\/v2\/posts\/18216"}],"collection":[{"href":"https:\/\/maxradio923.com.ar\/index.php\/wp-json\/wp\/v2\/posts"}],"about":[{"href":"https:\/\/maxradio923.com.ar\/index.php\/wp-json\/wp\/v2\/types\/post"}],"author":[{"embeddable":true,"href":"https:\/\/maxradio923.com.ar\/index.php\/wp-json\/wp\/v2\/users\/2"}],"replies":[{"embeddable":true,"href":"https:\/\/maxradio923.com.ar\/index.php\/wp-json\/wp\/v2\/comments?post=18216"}],"version-history":[{"count":0,"href":"https:\/\/maxradio923.com.ar\/index.php\/wp-json\/wp\/v2\/posts\/18216\/revisions"}],"wp:featuredmedia":[{"embeddable":true,"href":"https:\/\/maxradio923.com.ar\/index.php\/wp-json\/wp\/v2\/media\/18217"}],"wp:attachment":[{"href":"https:\/\/maxradio923.com.ar\/index.php\/wp-json\/wp\/v2\/media?parent=18216"}],"wp:term":[{"taxonomy":"category","embeddable":true,"href":"https:\/\/maxradio923.com.ar\/index.php\/wp-json\/wp\/v2\/categories?post=18216"},{"taxonomy":"post_tag","embeddable":true,"href":"https:\/\/maxradio923.com.ar\/index.php\/wp-json\/wp\/v2\/tags?post=18216"}],"curies":[{"name":"wp","href":"https:\/\/api.w.org\/{rel}","templated":true}]}}