{"id":18212,"date":"2024-02-22T19:53:04","date_gmt":"2024-02-22T22:53:04","guid":{"rendered":"https:\/\/maxradio923.com.ar\/index.php\/2024\/02\/22\/javier-milei-recibe-a-antony-blinken-y-luego-viaja-a-eeuu-a-la-cumbre-de-donald-trump\/"},"modified":"2024-02-22T19:53:04","modified_gmt":"2024-02-22T22:53:04","slug":"javier-milei-recibe-a-antony-blinken-y-luego-viaja-a-eeuu-a-la-cumbre-de-donald-trump","status":"publish","type":"post","link":"https:\/\/maxradio923.com.ar\/index.php\/2024\/02\/22\/javier-milei-recibe-a-antony-blinken-y-luego-viaja-a-eeuu-a-la-cumbre-de-donald-trump\/","title":{"rendered":"Javier Milei recibe a Antony Blinken y luego viaja a EEUU a la cumbre de Donald Trump"},"content":{"rendered":"<p><img decoding=\"async\" src=\"https:\/\/diariod3.com\/wp-content\/uploads\/2024\/02\/el-presidente-javier-milei-y-antony-blinken-1758793.jpg\"\/>En Casa Rosada aseguran que el diplom\u00e1tico viene \u00aben modo Pap\u00e1 Noel\u00bb. Tras el encuentro, parte con rumbo a Estados Unidos, en donde no tiene previsto reunirse con Trump.<\/p>\n<p>El presidente <strong>Javier Milei<\/strong> se reunir\u00e1 este viernes con el secretario de Estado de los <strong>Estados Unidos<\/strong>, Antony Blinken. El encuentro se llevar\u00e1 a cabo desde las 11 en Casa Rosada.<\/p>\n<p>Blinken, uno de los funcionarios m\u00e1s cercanos al presidente de Estados Unidos, <strong>Joe Biden<\/strong>, visitar\u00e1 el pa\u00eds con el objetivo de analizar junto a Milei temas bilaterales y globales en materia de comercio, energ\u00eda y derechos humanos. El secretario de Estado estadounidense <strong>arribar\u00e1 a Buenos Aires desde Brasil,<\/strong> donde tiene previsto participar de actividades relacionadas a la Cumbre de Ministros de Relaciones Exteriores del G20. All\u00ed se espera que el funcionario estadounidense se re\u00fana con el presidente Luiz In\u00e1cio Lula Da Silva.<\/p>\n<p>Respecto a la reuni\u00f3n que mantendr\u00e1 con Javier Milei, fuentes con despacho en Balcarce 50 se\u00f1alaron que participar\u00e1 tambi\u00e9n la canciller, <strong>Diana Mondino<\/strong>. Al t\u00e9rmino del encuentro, la funcionaria argentina y el estadounidense brindar\u00e1n una declaraci\u00f3n a la prensa.<\/p>\n<p>En Casa Rosada se\u00f1alaron a este medio que el diplom\u00e1tico visita el pa\u00eds<strong> \u00aben modo Papa Noel\u00bb<\/strong> y explicaron que se espera que venga \u00abcon un regalo bajo el brazo\u00bb, aunque no detallaron si eso podr\u00eda ser un anuncio de inversiones o un respaldo concreto ante el FMI.<\/p>\n<h2>Javier Milei viaja a Estados Unidos<\/h2>\n<p>El viernes por la noche,<strong> el Presidente tiene previsto partir a Estados Unidos, <\/strong>en donde disertar\u00e1 de un congreso econ\u00f3mico de car\u00e1cter liberal, en el cual coincidir\u00e1 con el exmandatario de ese pa\u00eds, Donald Trump.<\/p>\n<p>No obstante, no est\u00e1 agendado un encuentro entre ambos. En lo que definieron un viaje rel\u00e1mpago -el Jefe de Estado regresa el domingo- Milei estar\u00e1 acompa\u00f1ado por su hermana y Secretaria de Presidencia <strong>Karina y Gerardo Werthein<\/strong>, el embajador argentino en Estados Unidos (a\u00fan no oficializado en su cargo).<\/p>\n<p><strong>\u00abNo est\u00e1 prevista una reuni\u00f3n con Trump, por ah\u00ed una foto en alg\u00fan pasillo, nada que empa\u00f1e la relaci\u00f3n con Biden\u00bb,<\/strong> ratificaron en Casa Rosada.<\/p>\n<p>Fuente: \u00c1MBITO<\/p>\n<p>Por: Graciela Herrera<\/p>\n<p>La entrada <a href=\"https:\/\/diariod3.com\/javier-milei-recibe-a-antony-blinken-y-luego-viaja-a-eeuu-a-la-cumbre-de-donald-trump\/\" rel=\"noreferrer noopener\" target=\"_blank\">Javier Milei recibe a Antony Blinken y luego viaja a EEUU a la cumbre de Donald Trump<\/a> se public\u00f3 primero en <a href=\"https:\/\/diariod3.com\/\" rel=\"noreferrer noopener\" target=\"_blank\">DIARIO D3 NOTICIAS | SAN JUAN ARGENTINA<\/a>.<\/p>\n","protected":false},"excerpt":{"rendered":"<p>En Casa Rosada aseguran que el diplom\u00e1tico viene \u00aben modo Pap\u00e1 Noel\u00bb. Tras el encuentro, parte con rumbo a Estados Unidos, en donde no tiene previsto reunirse con Trump.<\/p>\n<p>El presidente Javier Milei se reunir\u00e1 este viernes con el secretario de Estado de los Estados Unidos, Antony Blinken. El encuentro se llevar\u00e1 a cabo desde las 11 en Casa Rosada.<\/p>\n<p>Blinken, uno de los funcionarios m\u00e1s cercanos al presidente de Estados Unidos, Joe Biden, visitar\u00e1 el pa\u00eds con el objetivo de analizar junto a Milei temas bilaterales y globales en materia de comercio, energ\u00eda y derechos humanos. El secretario de Estado estadounidense arribar\u00e1 a Buenos Aires desde Brasil, donde tiene previsto participar de actividades relacionadas a la Cumbre de Ministros de Relaciones Exteriores del G20. All\u00ed se espera que el funcionario estadounidense se re\u00fana con el presidente Luiz In\u00e1cio Lula Da Silva.<\/p>\n<p>Respecto a la reuni\u00f3n que mantendr\u00e1 con Javier Milei, fuentes con despacho en Balcarce 50 se\u00f1alaron que participar\u00e1 tamb..<\/p>\n","protected":false},"author":2,"featured_media":18213,"comment_status":"","ping_status":"","sticky":false,"template":"","format":"standard","meta":{"footnotes":""},"categories":[12],"tags":[],"_links":{"self":[{"href":"https:\/\/maxradio923.com.ar\/index.php\/wp-json\/wp\/v2\/posts\/18212"}],"collection":[{"href":"https:\/\/maxradio923.com.ar\/index.php\/wp-json\/wp\/v2\/posts"}],"about":[{"href":"https:\/\/maxradio923.com.ar\/index.php\/wp-json\/wp\/v2\/types\/post"}],"author":[{"embeddable":true,"href":"https:\/\/maxradio923.com.ar\/index.php\/wp-json\/wp\/v2\/users\/2"}],"replies":[{"embeddable":true,"href":"https:\/\/maxradio923.com.ar\/index.php\/wp-json\/wp\/v2\/comments?post=18212"}],"version-history":[{"count":0,"href":"https:\/\/maxradio923.com.ar\/index.php\/wp-json\/wp\/v2\/posts\/18212\/revisions"}],"wp:featuredmedia":[{"embeddable":true,"href":"https:\/\/maxradio923.com.ar\/index.php\/wp-json\/wp\/v2\/media\/18213"}],"wp:attachment":[{"href":"https:\/\/maxradio923.com.ar\/index.php\/wp-json\/wp\/v2\/media?parent=18212"}],"wp:term":[{"taxonomy":"category","embeddable":true,"href":"https:\/\/maxradio923.com.ar\/index.php\/wp-json\/wp\/v2\/categories?post=18212"},{"taxonomy":"post_tag","embeddable":true,"href":"https:\/\/maxradio923.com.ar\/index.php\/wp-json\/wp\/v2\/tags?post=18212"}],"curies":[{"name":"wp","href":"https:\/\/api.w.org\/{rel}","templated":true}]}}