{"id":18210,"date":"2024-02-22T19:53:00","date_gmt":"2024-02-22T22:53:00","guid":{"rendered":"https:\/\/maxradio923.com.ar\/index.php\/2024\/02\/22\/el-gobierno-aclaro-que-pasara-con-las-denuncias-tomadas-por-el-inadi\/"},"modified":"2024-02-22T19:53:00","modified_gmt":"2024-02-22T22:53:00","slug":"el-gobierno-aclaro-que-pasara-con-las-denuncias-tomadas-por-el-inadi","status":"publish","type":"post","link":"https:\/\/maxradio923.com.ar\/index.php\/2024\/02\/22\/el-gobierno-aclaro-que-pasara-con-las-denuncias-tomadas-por-el-inadi\/","title":{"rendered":"El Gobierno aclar\u00f3 que pasar\u00e1 con las denuncias tomadas por el INADI"},"content":{"rendered":"<p><img decoding=\"async\" src=\"https:\/\/diariod3.com\/wp-content\/uploads\/2024\/02\/HyQxiih3ml_1256x620.jpg\"\/>Todos los casos de discriminaci\u00f3n denunciados ante el Estado eran derivados al Instituto. Tras el anuncio de cierre, el Poder Ejecutivo dio detalles sobre la medida.<\/p>\n<p>La<strong> Oficina del Presidente<\/strong> oficializ\u00f3 la eliminaci\u00f3n del Instituto Nacional Contra la Discriminaci\u00f3n, la Xenofobia y el Racismo (<strong>INADI<\/strong>) y remarc\u00f3 el trabajo que deber\u00e1 implementar el <strong>Ministerio de Justicia<\/strong> para combatir todo tipo de discriminaci\u00f3n: \u00abEs una prioridad de este Ministerio cuidar de manera muy eficiente\u00bb.<\/p>\n<p>A trav\u00e9s del comunicado, el titular de Justicia brind\u00f3 declaraciones y explay\u00f3 las futuras acciones de la cartera: \u201cEs una prioridad de este Ministerio<strong> cuidar de manera muy eficiente a toda persona que sufra cualquier tipo de discriminaci\u00f3n<\/strong>, xenofobia y\/o racismo\u201d.<\/p>\n<p>El Ministro de Justicia afirm\u00f3 que \u201crespetaremos y<strong> ordenaremos todo lo concerniente a un derecho tan importante como es la no discriminaci\u00f3n<\/strong>, ya elaboramos un protocolo de actuaci\u00f3n e investigaci\u00f3n y el r\u00e9gimen de educaci\u00f3n general y capacitaci\u00f3n que establecen las normas\u201d.<\/p>\n<h2>Qu\u00e9 pasar\u00e1 con las denuncias tomadas por el INADI<\/h2>\n<p>La Oficina del Presidente remarc\u00f3 tambi\u00e9n que \u00abel INADI contaba con una superestructura que no aseguraba que su trabajo fuera eficiente, <strong>por ejemplo ten\u00eda 7000 expedientes sin tr\u00e1mite ni resoluci\u00f3n<\/strong>, en los \u00faltimos dos meses ya se resolvieron 2000 de ellos\u00bb.<\/p>\n<p>\u00abLas funciones que cumpl\u00eda el INADI se llevar\u00e1n a cabo a trav\u00e9s del Ministerio de Justicia que cuenta con personal preparado para realizar eficazmente la tarea. El personal id\u00f3neo que trabaja en el INADI y que realiza con responsabilidad y compromiso su trabajo, <strong>ser\u00e1 transferido al Ministerio donde trabajar\u00e1n con orden, seriedad e idoneidad<\/strong>\u00ab, agreg\u00f3 el Gobierno de La Libertad Avanza (LLA) en el texto.<\/p>\n<h2>Organizaciones sociales e intelectuales repudiaron el anuncio del cierre del INADI<\/h2>\n<p><strong>Organizaciones sociales, intelectuales y ex funcionarios del Instituto contra la Discriminaci\u00f3n, la Xenofobia y el Racismo (Inadi) manifestaron su preocupaci\u00f3n <\/strong>por el \u00abcierre definitivo\u00bb del organismo anunciado hoy por el Gobierno nacional y aseguraron que es un \u00abbasti\u00f3n fundamental\u00bb en la protecci\u00f3n y promoci\u00f3n de los derechos humanos en el pa\u00eds.<\/p>\n<p>El vocero presidencial, <strong>Manuel Adorni,<\/strong> en su habitual conferencia matutina en la Casa Rosada, expres\u00f3 que el instituto creado por ley en 1995 es parte \u00abde diferentes institutos que no sirven para nada, son grandes cajas de la pol\u00edtica o son, simplemente, lugares para generar empleo militante\u00bb y anunci\u00f3: \u00abEstamos empezando con su cierre definitivo\u00bb.<\/p>\n<p>Ante el anuncio, Andrea Rivas, presidenta de la Asociaci\u00f3n Familias Diversas De Argentina (AFDA) e integrante del Frente Orgullo y Lucha, que re\u00fane a decenas de organizaciones LGBTINB+, repudi\u00f3 la medida y alert\u00f3 sobre \u00abla gran discriminaci\u00f3n\u00bb que pesa sobre \u00abmuchos grupos vulnerados en la Argentina\u00bb.<\/p>\n<p>Fuente: \u00c1MBITO<\/p>\n<p>Por: Graciela Herrera<\/p>\n<p>La entrada <a href=\"https:\/\/diariod3.com\/el-gobierno-aclaro-que-pasara-con-las-denuncias-tomadas-por-el-inadi\/\" rel=\"noreferrer noopener\" target=\"_blank\">El Gobierno aclar\u00f3 que pasar\u00e1 con las denuncias tomadas por el INADI<\/a> se public\u00f3 primero en <a href=\"https:\/\/diariod3.com\/\" rel=\"noreferrer noopener\" target=\"_blank\">DIARIO D3 NOTICIAS | SAN JUAN ARGENTINA<\/a>.<\/p>\n","protected":false},"excerpt":{"rendered":"<p>Todos los casos de discriminaci\u00f3n denunciados ante el Estado eran derivados al Instituto. Tras el anuncio de cierre, el Poder Ejecutivo dio detalles sobre la medida.<\/p>\n<p>La Oficina del Presidente oficializ\u00f3 la eliminaci\u00f3n del Instituto Nacional Contra la Discriminaci\u00f3n, la Xenofobia y el Racismo (INADI) y remarc\u00f3 el trabajo que deber\u00e1 implementar el Ministerio de Justicia para combatir todo tipo de discriminaci\u00f3n: \u00abEs una prioridad de este Ministerio cuidar de manera muy eficiente\u00bb.<\/p>\n<p>A trav\u00e9s del comunicado, el titular de Justicia brind\u00f3 declaraciones y explay\u00f3 las futuras acciones de la cartera: \u201cEs una prioridad de este Ministerio cuidar de manera muy eficiente a toda persona que sufra cualquier tipo de discriminaci\u00f3n, xenofobia y\/o racismo\u201d.<\/p>\n<p>El Ministro de Justicia afirm\u00f3 que \u201crespetaremos y ordenaremos todo lo concerniente a un derecho tan importante como es la no discriminaci\u00f3n, ya elaboramos un protocolo de actuaci\u00f3n e investigaci\u00f3n y el r\u00e9gimen de educaci\u00f3n general y capacitaci\u00f3n ..<\/p>\n","protected":false},"author":2,"featured_media":18211,"comment_status":"","ping_status":"","sticky":false,"template":"","format":"standard","meta":{"footnotes":""},"categories":[12],"tags":[],"_links":{"self":[{"href":"https:\/\/maxradio923.com.ar\/index.php\/wp-json\/wp\/v2\/posts\/18210"}],"collection":[{"href":"https:\/\/maxradio923.com.ar\/index.php\/wp-json\/wp\/v2\/posts"}],"about":[{"href":"https:\/\/maxradio923.com.ar\/index.php\/wp-json\/wp\/v2\/types\/post"}],"author":[{"embeddable":true,"href":"https:\/\/maxradio923.com.ar\/index.php\/wp-json\/wp\/v2\/users\/2"}],"replies":[{"embeddable":true,"href":"https:\/\/maxradio923.com.ar\/index.php\/wp-json\/wp\/v2\/comments?post=18210"}],"version-history":[{"count":0,"href":"https:\/\/maxradio923.com.ar\/index.php\/wp-json\/wp\/v2\/posts\/18210\/revisions"}],"wp:featuredmedia":[{"embeddable":true,"href":"https:\/\/maxradio923.com.ar\/index.php\/wp-json\/wp\/v2\/media\/18211"}],"wp:attachment":[{"href":"https:\/\/maxradio923.com.ar\/index.php\/wp-json\/wp\/v2\/media?parent=18210"}],"wp:term":[{"taxonomy":"category","embeddable":true,"href":"https:\/\/maxradio923.com.ar\/index.php\/wp-json\/wp\/v2\/categories?post=18210"},{"taxonomy":"post_tag","embeddable":true,"href":"https:\/\/maxradio923.com.ar\/index.php\/wp-json\/wp\/v2\/tags?post=18210"}],"curies":[{"name":"wp","href":"https:\/\/api.w.org\/{rel}","templated":true}]}}