{"id":18206,"date":"2024-02-22T19:52:23","date_gmt":"2024-02-22T22:52:23","guid":{"rendered":"https:\/\/maxradio923.com.ar\/index.php\/2024\/02\/22\/abordaje-territorial-en-la-localidad-de-mogna\/"},"modified":"2024-02-22T19:52:23","modified_gmt":"2024-02-22T22:52:23","slug":"abordaje-territorial-en-la-localidad-de-mogna","status":"publish","type":"post","link":"https:\/\/maxradio923.com.ar\/index.php\/2024\/02\/22\/abordaje-territorial-en-la-localidad-de-mogna\/","title":{"rendered":"Abordaje territorial en la localidad de Mogna"},"content":{"rendered":"\n<p>Asimismo, el equipo de Medio Ambiente efectu\u00f3 un relevamiento de arbolado  en la zona y el equipo de Salud realiz\u00f3 control m\u00e9dico a los pobladores.<\/p>\n<p>El d\u00eda concluy\u00f3 con una reuni\u00f3n con la Asociaci\u00f3n Civil y Centro de Producci\u00f3n Agropecuaria  y Familias Rurales de Mogna e integrantes de FecoAgro, d\u00f3nde se dialog\u00f3  sobre la actualidad del sector, sus inquietudes y pedidos de los productores y familias involucradas.<\/p>\n<p>\u00abDesde el municipio, queremos destacar nuestro compromiso continuo con el desarrollo productivo de Mogna y de todo el departamento.<br \/>Estamos trabajando para fortalecer la comunidad y mejorar la calidad de vida de todos sus habitantes.\u00bb<\/p>\n<p>OPERADOR: EUGENIA VILA<\/p>\n","protected":false},"excerpt":{"rendered":"<p>Asimismo, el equipo de Medio Ambiente efectu\u00f3 un relevamiento de arbolado en la zona y el equipo de Salud realiz\u00f3 control m\u00e9dico a los pobladores.<br \/>\n El d\u00eda concluy\u00f3 con una reuni\u00f3n con la Asociaci\u00f3n Civil y Centro de Producci\u00f3n Agropecuaria y Familias Rurales de Mogna e integrantes de FecoAgro, d\u00f3nde se dialog\u00f3 sobre la actualidad del sector, sus inquietudes y pedidos de los productores y familias involucradas.<br \/>\n \u00abDesde el municipio, queremos destacar nuestro compromiso continuo con el desarrollo productivo de Mogna y de todo el departamento.<br \/>\nEstamos trabajando para fortalecer la comunidad y mejorar la calidad de vida de todos sus habitantes.\u00bb<br \/>\n OPERADOR: EUGENIA VILA<\/p>\n","protected":false},"author":2,"featured_media":18207,"comment_status":"","ping_status":"","sticky":false,"template":"","format":"standard","meta":{"footnotes":""},"categories":[5],"tags":[],"_links":{"self":[{"href":"https:\/\/maxradio923.com.ar\/index.php\/wp-json\/wp\/v2\/posts\/18206"}],"collection":[{"href":"https:\/\/maxradio923.com.ar\/index.php\/wp-json\/wp\/v2\/posts"}],"about":[{"href":"https:\/\/maxradio923.com.ar\/index.php\/wp-json\/wp\/v2\/types\/post"}],"author":[{"embeddable":true,"href":"https:\/\/maxradio923.com.ar\/index.php\/wp-json\/wp\/v2\/users\/2"}],"replies":[{"embeddable":true,"href":"https:\/\/maxradio923.com.ar\/index.php\/wp-json\/wp\/v2\/comments?post=18206"}],"version-history":[{"count":0,"href":"https:\/\/maxradio923.com.ar\/index.php\/wp-json\/wp\/v2\/posts\/18206\/revisions"}],"wp:featuredmedia":[{"embeddable":true,"href":"https:\/\/maxradio923.com.ar\/index.php\/wp-json\/wp\/v2\/media\/18207"}],"wp:attachment":[{"href":"https:\/\/maxradio923.com.ar\/index.php\/wp-json\/wp\/v2\/media?parent=18206"}],"wp:term":[{"taxonomy":"category","embeddable":true,"href":"https:\/\/maxradio923.com.ar\/index.php\/wp-json\/wp\/v2\/categories?post=18206"},{"taxonomy":"post_tag","embeddable":true,"href":"https:\/\/maxradio923.com.ar\/index.php\/wp-json\/wp\/v2\/tags?post=18206"}],"curies":[{"name":"wp","href":"https:\/\/api.w.org\/{rel}","templated":true}]}}