{"id":18202,"date":"2024-02-22T19:52:09","date_gmt":"2024-02-22T22:52:09","guid":{"rendered":"https:\/\/maxradio923.com.ar\/index.php\/2024\/02\/22\/conmocion-en-cordoba-un-hombre-mato-a-su-propia-hija-en-un-gimnasio-y-luego-se-suicido\/"},"modified":"2024-02-22T19:52:09","modified_gmt":"2024-02-22T22:52:09","slug":"conmocion-en-cordoba-un-hombre-mato-a-su-propia-hija-en-un-gimnasio-y-luego-se-suicido","status":"publish","type":"post","link":"https:\/\/maxradio923.com.ar\/index.php\/2024\/02\/22\/conmocion-en-cordoba-un-hombre-mato-a-su-propia-hija-en-un-gimnasio-y-luego-se-suicido\/","title":{"rendered":"Conmoci\u00f3n en C\u00f3rdoba: un hombre mat\u00f3 a su propia hija en un gimnasio y luego se suicid\u00f3"},"content":{"rendered":"<p><img decoding=\"async\" alt=\"La mujer que asesinada por su propio padre, que luego se quit\u00f3 la vida. Foto Facebook\" src=\"https:\/\/www.clarin.com\/img\/2024\/02\/22\/bKV3RmuOJ_720x0__1.jpg\"\/>La mujer que asesinada por su propio padre, que luego se quit\u00f3 la vida. Foto Facebook<\/p>\n","protected":false},"excerpt":{"rendered":"<p>La mujer que asesinada por su propio padre, que luego se quit\u00f3 la vida. Foto Facebook<\/p>\n","protected":false},"author":2,"featured_media":18203,"comment_status":"","ping_status":"","sticky":false,"template":"","format":"standard","meta":{"footnotes":""},"categories":[6],"tags":[],"_links":{"self":[{"href":"https:\/\/maxradio923.com.ar\/index.php\/wp-json\/wp\/v2\/posts\/18202"}],"collection":[{"href":"https:\/\/maxradio923.com.ar\/index.php\/wp-json\/wp\/v2\/posts"}],"about":[{"href":"https:\/\/maxradio923.com.ar\/index.php\/wp-json\/wp\/v2\/types\/post"}],"author":[{"embeddable":true,"href":"https:\/\/maxradio923.com.ar\/index.php\/wp-json\/wp\/v2\/users\/2"}],"replies":[{"embeddable":true,"href":"https:\/\/maxradio923.com.ar\/index.php\/wp-json\/wp\/v2\/comments?post=18202"}],"version-history":[{"count":0,"href":"https:\/\/maxradio923.com.ar\/index.php\/wp-json\/wp\/v2\/posts\/18202\/revisions"}],"wp:featuredmedia":[{"embeddable":true,"href":"https:\/\/maxradio923.com.ar\/index.php\/wp-json\/wp\/v2\/media\/18203"}],"wp:attachment":[{"href":"https:\/\/maxradio923.com.ar\/index.php\/wp-json\/wp\/v2\/media?parent=18202"}],"wp:term":[{"taxonomy":"category","embeddable":true,"href":"https:\/\/maxradio923.com.ar\/index.php\/wp-json\/wp\/v2\/categories?post=18202"},{"taxonomy":"post_tag","embeddable":true,"href":"https:\/\/maxradio923.com.ar\/index.php\/wp-json\/wp\/v2\/tags?post=18202"}],"curies":[{"name":"wp","href":"https:\/\/api.w.org\/{rel}","templated":true}]}}