{"id":1820,"date":"2023-09-05T02:25:12","date_gmt":"2023-09-05T00:25:12","guid":{"rendered":"https:\/\/maxradio923.com\/index.php\/2023\/09\/05\/milei-se-comparo-con-el-zorro-era-anarco-capitalista-y-defensor-del-libre-comercio\/"},"modified":"2023-09-05T12:44:33","modified_gmt":"2023-09-05T10:44:33","slug":"milei-se-comparo-con-el-zorro-era-anarco-capitalista-y-defensor-del-libre-comercio","status":"publish","type":"post","link":"https:\/\/maxradio923.com.ar\/index.php\/2023\/09\/05\/milei-se-comparo-con-el-zorro-era-anarco-capitalista-y-defensor-del-libre-comercio\/","title":{"rendered":"Milei se compar\u00f3 con El Zorro: \u00abEra anarco capitalista y defensor del libre comercio\u00bb"},"content":{"rendered":"<p><img decoding=\"async\" src=\"https:\/\/diariod3.com\/inicio\/wp-content\/uploads\/2023\/09\/64db8cc600e01_750x500.jpg\"\/><\/p>\n<p>El candidato presidencial de La Libertad Avanza hizo una llamativa analog\u00eda durante una entrevista, en la que insisti\u00f3 con su promesa de cerrar el Banco Central (BCRA) y dolarizar la econom\u00eda.<\/p>\n<p>En medio de los cruces con Patricia Bullrich por la dolarizaci\u00f3n y el bimonetarismo, el candidato presidencial de La Libertad Avanza (LLA), Javier Milei, hizo una sorpresiva comparaci\u00f3n durante una entrevista y asegur\u00f3 que admira al famoso personaje de El Zorro porque \u00abera un anarco capitalista \u00bb y \u00abdefensor del libre comercio\u00bb.<\/p>\n<p>En di\u00e1logo, Milei insisti\u00f3 con la idea de cerrar el Banco Central (BCRA) y sali\u00f3 a criticar las propuestas econ\u00f3micas de Juntos por el Cambio (JxC), espacio que propone una dolarizaci\u00f3n \u201csangrienta\u201d. As\u00ed fue como apunt\u00f3 contra la candidata Bullrich, a la que hizo referencia.<\/p>\n<p>Seg\u00fan el candidato de La Libertad Avanza, la idea de bimonetarizar la econom\u00eda es una iniciativa \u201ccobarde, tibia, que termina en una hiperinflaci\u00f3n y en una dolarizaci\u00f3n sangrienta\u201d, se\u00f1al\u00f3. As\u00ed las cosas, la respuesta de Patricia Bullrich no se hizo esperar.<\/p>\n<p>En paralelo a este cruce, Javier Milei hizo una llamativa analog\u00eda suya con el famoso personaje de El Zorro y dijo que tanto \u00e9l como la figura televisiva coinciden en que son \u00abanarco capitalistas\u00bb y \u00abdefensores del libre comercio\u201d.<\/p>\n<p>Seg\u00fan Milei, \u00abEl Zorro era un anarco capitalista, era defensor del libre comercio\u00bb y \u00abcada vez que ven\u00eda alguien al puerto que quer\u00eda hacer comercio con la gente del pueblo, iban los delincuentes y los atacaba porque llevaban un cartel que dec\u00eda que ten\u00edan oro\u00bb, explic\u00f3 este domingo.<\/p>\n<p>Luego agreg\u00f3: \u00abEl Zorro peleaba con esos delincuentes y tambi\u00e9n peleaba con los delincuentes de la ciudad, que eran los soldados, los que ven\u00edan a representar al Rey, el Estado. Era maravilloso El Zorro\u00bb, cerr\u00f3 el candidato de LLA en su comparaci\u00f3n con el personaje de Diego de la Vega, interpretado por el m\u00edtico actor Guy Williams.<\/p>\n<p>Por \u00faltimo, dej\u00f3 un mensaje a los rivales: \u00abCuando los chicos de izquierda se enteren de esto, van a pedir que lo censuren. Ah\u00ed est\u00e1 el origen del dinero, es privado\u00bb, concluy\u00f3 Milei.<\/p>\n<p>Por: Graciela Herrera<\/p>\n<p>La entrada <a href=\"https:\/\/diariod3.com\/inicio\/milei-se-comparo-con-el-zorro-era-anarco-capitalista-y-defensor-del-libre-comercio\/\" rel=\"noreferrer noopener\" target=\"_blank\">Milei se compar\u00f3 con El Zorro: \u00abEra anarco capitalista y defensor del libre comercio\u00bb<\/a> se public\u00f3 primero en <a href=\"https:\/\/diariod3.com\/inicio\" rel=\"noreferrer noopener\" target=\"_blank\">DIARIO D3 NOTICIAS<\/a>.<\/p>\n","protected":false},"excerpt":{"rendered":"<p>El candidato presidencial de La Libertad Avanza hizo una llamativa analog\u00eda durante una entrevista, en la que insisti\u00f3 con su promesa de cerrar el Banco Central (BCRA) y dolarizar la econom\u00eda. En medio de los cruces con Patricia Bullrich por la dolarizaci\u00f3n y el bimonetarismo, el candidato presidencial de La Libertad Avanza (LLA), Javier Milei, [&hellip;]<\/p>\n","protected":false},"author":2,"featured_media":1855,"comment_status":"closed","ping_status":"","sticky":false,"template":"","format":"standard","meta":{"footnotes":""},"categories":[12],"tags":[],"_links":{"self":[{"href":"https:\/\/maxradio923.com.ar\/index.php\/wp-json\/wp\/v2\/posts\/1820"}],"collection":[{"href":"https:\/\/maxradio923.com.ar\/index.php\/wp-json\/wp\/v2\/posts"}],"about":[{"href":"https:\/\/maxradio923.com.ar\/index.php\/wp-json\/wp\/v2\/types\/post"}],"author":[{"embeddable":true,"href":"https:\/\/maxradio923.com.ar\/index.php\/wp-json\/wp\/v2\/users\/2"}],"replies":[{"embeddable":true,"href":"https:\/\/maxradio923.com.ar\/index.php\/wp-json\/wp\/v2\/comments?post=1820"}],"version-history":[{"count":0,"href":"https:\/\/maxradio923.com.ar\/index.php\/wp-json\/wp\/v2\/posts\/1820\/revisions"}],"wp:featuredmedia":[{"embeddable":true,"href":"https:\/\/maxradio923.com.ar\/index.php\/wp-json\/wp\/v2\/media\/1855"}],"wp:attachment":[{"href":"https:\/\/maxradio923.com.ar\/index.php\/wp-json\/wp\/v2\/media?parent=1820"}],"wp:term":[{"taxonomy":"category","embeddable":true,"href":"https:\/\/maxradio923.com.ar\/index.php\/wp-json\/wp\/v2\/categories?post=1820"},{"taxonomy":"post_tag","embeddable":true,"href":"https:\/\/maxradio923.com.ar\/index.php\/wp-json\/wp\/v2\/tags?post=1820"}],"curies":[{"name":"wp","href":"https:\/\/api.w.org\/{rel}","templated":true}]}}