{"id":18196,"date":"2024-02-22T19:51:41","date_gmt":"2024-02-22T22:51:41","guid":{"rendered":"https:\/\/maxradio923.com.ar\/index.php\/2024\/02\/22\/la-familia-de-jorge-julio-lopez-pidio-cotejar-los-restos-que-aparecieron-en-el-cementerio-de-la-plata-con-el-perfil-genetico-del-testigo-desaparecido\/"},"modified":"2024-02-22T19:51:41","modified_gmt":"2024-02-22T22:51:41","slug":"la-familia-de-jorge-julio-lopez-pidio-cotejar-los-restos-que-aparecieron-en-el-cementerio-de-la-plata-con-el-perfil-genetico-del-testigo-desaparecido","status":"publish","type":"post","link":"https:\/\/maxradio923.com.ar\/index.php\/2024\/02\/22\/la-familia-de-jorge-julio-lopez-pidio-cotejar-los-restos-que-aparecieron-en-el-cementerio-de-la-plata-con-el-perfil-genetico-del-testigo-desaparecido\/","title":{"rendered":"La familia de Jorge Julio L\u00f3pez pidi\u00f3 cotejar los restos que aparecieron en el cementerio de La Plata con el perfil gen\u00e9tico del testigo desaparecido"},"content":{"rendered":"<ul>\n<li>Presentaron un pedido en la Justicia para que se preserven los huesos y cad\u00e1veres encontrados.<\/li>\n<li>El alba\u00f1il est\u00e1 desaparecido desde 2006. Era testigo contra el genocida Miguel Etchecolatz en una causa de delitos de lesa humanidad.<\/li>\n<\/ul>\n","protected":false},"excerpt":{"rendered":"<p>Presentaron un pedido en la Justicia para que se preserven los huesos y cad\u00e1veres encontrados.El alba\u00f1il est\u00e1 desaparecido desde 2006. Era testigo contra el genocida Miguel Etchecolatz en una causa de delitos de lesa humanidad.<\/p>\n","protected":false},"author":2,"featured_media":18197,"comment_status":"","ping_status":"","sticky":false,"template":"","format":"standard","meta":{"footnotes":""},"categories":[9],"tags":[],"_links":{"self":[{"href":"https:\/\/maxradio923.com.ar\/index.php\/wp-json\/wp\/v2\/posts\/18196"}],"collection":[{"href":"https:\/\/maxradio923.com.ar\/index.php\/wp-json\/wp\/v2\/posts"}],"about":[{"href":"https:\/\/maxradio923.com.ar\/index.php\/wp-json\/wp\/v2\/types\/post"}],"author":[{"embeddable":true,"href":"https:\/\/maxradio923.com.ar\/index.php\/wp-json\/wp\/v2\/users\/2"}],"replies":[{"embeddable":true,"href":"https:\/\/maxradio923.com.ar\/index.php\/wp-json\/wp\/v2\/comments?post=18196"}],"version-history":[{"count":0,"href":"https:\/\/maxradio923.com.ar\/index.php\/wp-json\/wp\/v2\/posts\/18196\/revisions"}],"wp:featuredmedia":[{"embeddable":true,"href":"https:\/\/maxradio923.com.ar\/index.php\/wp-json\/wp\/v2\/media\/18197"}],"wp:attachment":[{"href":"https:\/\/maxradio923.com.ar\/index.php\/wp-json\/wp\/v2\/media?parent=18196"}],"wp:term":[{"taxonomy":"category","embeddable":true,"href":"https:\/\/maxradio923.com.ar\/index.php\/wp-json\/wp\/v2\/categories?post=18196"},{"taxonomy":"post_tag","embeddable":true,"href":"https:\/\/maxradio923.com.ar\/index.php\/wp-json\/wp\/v2\/tags?post=18196"}],"curies":[{"name":"wp","href":"https:\/\/api.w.org\/{rel}","templated":true}]}}