{"id":18180,"date":"2024-02-22T09:02:55","date_gmt":"2024-02-22T12:02:55","guid":{"rendered":"https:\/\/maxradio923.com.ar\/index.php\/2024\/02\/22\/acuerdo-judicial-en-caso-de-muerte-en-seccional-policial-cambio-de-delito-y-menor-pena-para-implicado\/"},"modified":"2024-02-22T09:02:55","modified_gmt":"2024-02-22T12:02:55","slug":"acuerdo-judicial-en-caso-de-muerte-en-seccional-policial-cambio-de-delito-y-menor-pena-para-implicado","status":"publish","type":"post","link":"https:\/\/maxradio923.com.ar\/index.php\/2024\/02\/22\/acuerdo-judicial-en-caso-de-muerte-en-seccional-policial-cambio-de-delito-y-menor-pena-para-implicado\/","title":{"rendered":"Acuerdo Judicial en Caso de Muerte en Seccional Policial: Cambio de Delito y Menor Pena para Implicado"},"content":{"rendered":"<p><img decoding=\"async\" src=\"https:\/\/diariod3.com\/wp-content\/uploads\/2024\/02\/dcc220224-006f07.jpg_1536916664.png\"\/><\/p>\n<p>Sergio Rabaj, identificado como el calabocero m\u00e1s comprometido en el tr\u00e1gico suceso, podr\u00eda beneficiarse con una reducci\u00f3n de pena al admitir su responsabilidad en el cargo de homicidio atenuado. La acusaci\u00f3n sugiere que Rabaj no ten\u00eda la intenci\u00f3n de causar la muerte de Cortez, sino de infligirle da\u00f1o, siendo la osteoporosis de la v\u00edctima una circunstancia externa al autor que contribuy\u00f3 a su fallecimiento. En virtud del acuerdo propuesto, Rabaj podr\u00eda enfrentar una condena de 3 a\u00f1os y 6 meses.<\/p>\n<p>Por otro lado, Carlos Godoy, el segundo calabocero en el caso, tambi\u00e9n enfrentar\u00eda una rebaja de pena. Se le acusa de falsedad ideol\u00f3gica de instrumento p\u00fablico y podr\u00eda recibir una condena de 1 a\u00f1o y 2 meses. Ambos agentes desempe\u00f1aron un papel en el operativo en el que se acus\u00f3 a Cortez de abusar de una ni\u00f1a de 7 a\u00f1os, un hecho que desencaden\u00f3 una serie de eventos que culminaron en la muerte del detenido.<\/p>\n<p>Este acuerdo, entre los implicados y la fiscal\u00eda, deber\u00e1 ser ratificado por el tribunal correspondiente, marcando un cap\u00edtulo adicional en un caso que ha perdurado durante m\u00e1s de una d\u00e9cada y ha suscitado preguntas sobre la conducta policial y la administraci\u00f3n de justicia en la provincia.<\/p>\n<p>Op: Juan Llarena<\/p>\n<p>La entrada Acuerdo Judicial en Caso de Muerte en Seccional Policial: Cambio de Delito y Menor Pena para Implicado se public\u00f3 primero en DIARIO D3 NOTICIAS | SAN JUAN ARGENTINA.<\/p>\n","protected":false},"excerpt":{"rendered":"<p>Sergio Rabaj, identificado como el calabocero m\u00e1s comprometido en el tr\u00e1gico suceso, podr\u00eda beneficiarse con una reducci\u00f3n de pena al admitir su responsabilidad en el cargo de homicidio atenuado. La acusaci\u00f3n sugiere que Rabaj no ten\u00eda la intenci\u00f3n de causar la muerte de Cortez, sino de infligirle da\u00f1o, siendo la osteoporosis de la v\u00edctima una circunstancia externa al autor que contribuy\u00f3 a su fallecimiento. En virtud del acuerdo propuesto, Rabaj podr\u00eda enfrentar una condena de 3 a\u00f1os y 6 meses.<br \/>\n Por otro lado, Carlos Godoy, el segundo calabocero en el caso, tambi\u00e9n enfrentar\u00eda una rebaja de pena. Se le acusa de falsedad ideol\u00f3gica de instrumento p\u00fablico y podr\u00eda recibir una condena de 1 a\u00f1o y 2 meses. Ambos agentes desempe\u00f1aron un papel en el operativo en el que se acus\u00f3 a Cortez de abusar de una ni\u00f1a de 7 a\u00f1os, un hecho que desencaden\u00f3 una serie de eventos que culminaron en la muerte del detenido.<br \/>\n Este acuerdo, entre los implicados y la fiscal\u00eda, deber\u00e1 ser ratificado por el tribuna..<\/p>\n","protected":false},"author":2,"featured_media":18181,"comment_status":"","ping_status":"","sticky":false,"template":"","format":"standard","meta":{"footnotes":""},"categories":[8],"tags":[],"_links":{"self":[{"href":"https:\/\/maxradio923.com.ar\/index.php\/wp-json\/wp\/v2\/posts\/18180"}],"collection":[{"href":"https:\/\/maxradio923.com.ar\/index.php\/wp-json\/wp\/v2\/posts"}],"about":[{"href":"https:\/\/maxradio923.com.ar\/index.php\/wp-json\/wp\/v2\/types\/post"}],"author":[{"embeddable":true,"href":"https:\/\/maxradio923.com.ar\/index.php\/wp-json\/wp\/v2\/users\/2"}],"replies":[{"embeddable":true,"href":"https:\/\/maxradio923.com.ar\/index.php\/wp-json\/wp\/v2\/comments?post=18180"}],"version-history":[{"count":0,"href":"https:\/\/maxradio923.com.ar\/index.php\/wp-json\/wp\/v2\/posts\/18180\/revisions"}],"wp:featuredmedia":[{"embeddable":true,"href":"https:\/\/maxradio923.com.ar\/index.php\/wp-json\/wp\/v2\/media\/18181"}],"wp:attachment":[{"href":"https:\/\/maxradio923.com.ar\/index.php\/wp-json\/wp\/v2\/media?parent=18180"}],"wp:term":[{"taxonomy":"category","embeddable":true,"href":"https:\/\/maxradio923.com.ar\/index.php\/wp-json\/wp\/v2\/categories?post=18180"},{"taxonomy":"post_tag","embeddable":true,"href":"https:\/\/maxradio923.com.ar\/index.php\/wp-json\/wp\/v2\/tags?post=18180"}],"curies":[{"name":"wp","href":"https:\/\/api.w.org\/{rel}","templated":true}]}}