{"id":18176,"date":"2024-02-22T09:02:47","date_gmt":"2024-02-22T12:02:47","guid":{"rendered":"https:\/\/maxradio923.com.ar\/index.php\/2024\/02\/22\/la-comision-bicameral-de-tratamiento-legislativo-define-autoridades-para-discutir-el-dnu\/"},"modified":"2024-02-22T09:02:47","modified_gmt":"2024-02-22T12:02:47","slug":"la-comision-bicameral-de-tratamiento-legislativo-define-autoridades-para-discutir-el-dnu","status":"publish","type":"post","link":"https:\/\/maxradio923.com.ar\/index.php\/2024\/02\/22\/la-comision-bicameral-de-tratamiento-legislativo-define-autoridades-para-discutir-el-dnu\/","title":{"rendered":"La Comisi\u00f3n Bicameral de Tratamiento Legislativo define autoridades para discutir el DNU"},"content":{"rendered":"<p><img decoding=\"async\" src=\"https:\/\/diariod3.com\/wp-content\/uploads\/2024\/02\/65bc36f6e9e94_1200.jpg\"\/><\/p>\n<p>La Comisi\u00f3n Bicameral de Tratamiento Legislativo se re\u00fane este jueves al mediod\u00eda para designar autoridades y acordar su esquema de trabajo, dado que debe tratar decretos de necesidad y urgencia (DNU) dictados por el Gobierno anterior y el DNU 70\/23 impulsado por presidente Javier Milei, que deroga y modifica leyes y propone, entre otras medidas, una reforma laboral.<\/p>\n<p>El primer tema que abordar\u00e1 la comisi\u00f3n ser\u00e1 la propuesta de la Libertad Avanza (LLA) para designar al senador de La Rioja de ese partido, Juan Carlos Pagotto, como presidente de esta estrat\u00e9gica comisi\u00f3n integrada por 16 miembros, cuya titularidad este a\u00f1o le corresponde al Senado.<\/p>\n<p><strong>El oficialismo conf\u00eda en que cuenta con los votos para imponer a Pagotto ya que tiene el respaldo de seis miembros: tres de LLA, dos del PRO y uno de Hacemos Coalici\u00f3n Federal (HCF). A\u00fan falta resolver la postura que asumir\u00e1n los dos representantes de la UCR, el de Unidad Federal y el de Cambio Federal.<\/strong><\/p>\n<p>En ese sentido, un sector del radicalismo evaluaba no darle ese lugar a LLA y que recaiga, en cambio, en alg\u00fan aliado del oficialismo, postura en la que pesan \u00ablos dichos de los \u00faltimos d\u00edas del presidente sobre los miembros del Congreso\u00bb, dijeron fuentes del sector.<\/p>\n<p>La conformaci\u00f3n de la bicameral se cristaliz\u00f3 el lunes pasado debido a que no hab\u00eda acuerdo en la C\u00e1mara de Diputados entre LLA y Uni\u00f3n por la Patria (UxP), ya que el peronismo reclamaba cuatro lugares y el titular del cuerpo, Mart\u00edn Menem, consider\u00f3 que le correspond\u00edan tres, decisi\u00f3n que adopt\u00f3 al enviar las designaciones.<\/p>\n<p><strong>Adem\u00e1s de Pagotto integran la comisi\u00f3n los senadores Mar\u00eda Teresa Gonz\u00e1lez, Mariano Recalde y Anabel Fern\u00e1ndez Sagasti (UxP), V\u00edctor Zimmermann (UCR), Luis Juez (PRO), Juan Carlos Romero (Cambio Federal) y Carlos Esp\u00ednola (Unidad Federal).<\/strong><\/p>\n<p>Por Diputados, en tanto, est\u00e1n Carolina Gaillard, Ramiro Guti\u00e9rrez y Vanesa Siley (UxP), Oscar Zago y Lisandro Almir\u00f3n (LLA), Francisco Monti (UCR), Hern\u00e1n Lombardi (PRO) y Nicol\u00e1s Massot (HCF).<\/p>\n<p>De todos modos, la primera discusi\u00f3n que se plantear\u00e1 ser\u00e1 el esquema de trabajo, ya que el oficialismo quiere tratar primero los DNU del anterior Gobierno del Frente de Todos (FdT), mientras que UxP buscar\u00e1 acelerar la discusi\u00f3n y un posible dictamen del DNU 70\/2023 de la actual administraci\u00f3n.<\/p>\n<p>Menem cuestion\u00f3 a los bloques que ahora <strong>\u00abtienen un apuro institucional repentino cuando estuvieron en silencio mucho tiempo de varios sectores de la pol\u00edtica; la \u00faltima vez que se junt\u00f3 la comisi\u00f3n en noviembre trat\u00f3 115 decretos en menos de dos horas en una sesi\u00f3n virtual, que eran del 2019\u00bb<\/strong>.<\/p>\n<p>En esa l\u00ednea, el titular de la C\u00e1mara baja dijo que primero esa comisi\u00f3n \u00abva a tener que tratar los decretos que se dictaron posteriormente a noviembre del 2021, porque no hay reuni\u00f3n desde esa fecha\u00bb.<\/p>\n<p>La Comisi\u00f3n no se re\u00fane desde hace casi dos a\u00f1os y desde 2021 no analiz\u00f3 los decretos dictados por el expresidente Alberto Fern\u00e1ndez, con lo cual quedaron 175 DNU sin ser tratados.<\/p>\n<p>De todos modos, tanto en el an\u00e1lisis de los DNU del Gobierno de Fern\u00e1ndez como en el caso del DNU de Milei los plazos ya se encuentran vencidos.<\/p>\n<p>Eso es lo que argumenta el presidente del interbloque del Frente de Todos, Jos\u00e9 Mayans, cuando, en declaraciones radiales dijo qu<strong>e \u00aben este momento, tratar el DNU en comisi\u00f3n es totalmente extempor\u00e1neo\u00bb<\/strong>.<\/p>\n<p>\u00abPor ley y por reglamento debe tratarse directamente en el recinto\u00bb, opin\u00f3 el formose\u00f1o quien, hasta ahora, no logr\u00f3 que la vicepresidenta de la Naci\u00f3n y titular del Senado, Victoria Villarruel, pusiera fecha y hora a los pedidos de sesi\u00f3n especial planteados por el peronismo.<\/p>\n<p><strong>La ley fija que el Gobierno tiene diez d\u00edas h\u00e1biles para remitir al Congreso el DNU para que sea analizado por la Comisi\u00f3n Bicameral de Tr\u00e1mite Legislativo que, a su vez, tambi\u00e9n tiene diez d\u00edas h\u00e1biles para emitir dictamen, aunque en los \u00faltimos a\u00f1os no se ha respetado ese plazo.<\/strong><\/p>\n<p>Si en este plazo no se analiza en la Comisi\u00f3n, se puede tratar en el recinto de sesiones sin tener dictamen correspondiente.<\/p>\n<p><strong>Seg\u00fan establece la ley, un DNU tiene vigencia mientras las dos c\u00e1maras del Congreso no rechacen esa norma con mayor\u00eda absoluta de sus miembros, es decir con la mitad m\u00e1s uno de sus integrantes.<\/strong><\/p>\n<p>Si una c\u00e1mara lo aprueba quedar\u00e1 firme, y lo mismo suceder\u00e1 si el Congreso no se expide, en lo que se conoce como una \u00absanci\u00f3n t\u00e1cita\u00bb.<\/p>\n<p>\u00abEl rechazo por ambas C\u00e1maras del Congreso del decreto de que se trate implica su derogaci\u00f3n de acuerdo a lo que establece el art\u00edculo 2\u00ba del C\u00f3digo Civil, quedando a salvo los derechos adquiridos durante su vigencia\u00bb, establece uno de los art\u00edculos de la ley 26.122.<\/p>\n<p>Otro punto que formar\u00e1 parte del debate ser\u00e1 la propuesta de la UCR, que quiere hacer una interpretaci\u00f3n de la ley y que se puedan aprobar algunos art\u00edculos y otros no, porque considera que se est\u00e1n reformando o anulando muchas leyes y trata m\u00faltiples temas.<\/p>\n<p>Sin embargo, es probable que no se acepte esa posibilidad ya que la ley 26.122 reformada en 2006 dice que las c\u00e1maras \u00abno pueden introducir enmiendas, agregados o supresiones al texto del Poder Ejecutivo, debiendo circunscribirse a la aceptaci\u00f3n o rechazo de la norma mediante el voto de la mayor\u00eda absoluta de los miembros presentes\u00bb.<\/p>\n<p>En ese sentido, la diputada Gaillard aclar\u00f3 que, a su entender \u00abla comisi\u00f3n declara la validez o invalidez del todo, no se puede desmenuzar el DNU\u00bb porque \u00abla ley (26.122) aclara que es un impedimento modificar o suprimir en cualquier parte el texto enviado por el Ejecutivo\u00bb.<\/p>\n<p><strong>\u00abDesde la UCR en su mayor\u00eda se manifestaron en contra del DNU. Est\u00e1n buscando alg\u00fan resquicio para decir \u2018bueno, en realidad en partes estamos de acuerdo, en otras no\u2019. Bueno, eso no se puede, porque el DNU es v\u00e1lido o inv\u00e1lido\u00bb, <\/strong>remarc\u00f3.<\/p>\n<p>Para la entrerriana, \u00ablo que deber\u00eda hacer la UCR es rechazar el DNU y pedirle al Ejecutivo que mande proyectos de las cosas que ellos s\u00ed est\u00e1n de acuerdo\u00bb.<\/p>\n<p>En tanto,<strong> Guti\u00e9rrez dijo que el DNU de Milei \u00abes inconstitucional a todas luces\u00bb.<\/strong><\/p>\n<p>\u00abLas dilaciones para darle tratamiento no se deben a nuestras ganas o necesidad inmediata, sino que ha sido escondido porque actualmente est\u00e1 vigente, es decir, mientras no sea declarado inv\u00e1lido genera efectos\u00bb, afirm\u00f3.<\/p>\n<p>El legislador explic\u00f3 por Radio Provincia (de Buenos Aires) que el Congreso puede \u00abvalidar o rechazar el todo. No s\u00e9 pueden agregar partes no dividirlo. Algunos compa\u00f1eros radicales van a plantear que se puede dividirlo, pero eso la ley no lo permite\u00bb.<\/p>\n<p><strong>\u00abEl primer avi\u00f3n que quiso aterrizar Milei fue la Ley \u00d3mnibus y tuvo que volverlo al aeropuerto porque no tuvo los acuerdos. Veremos qu\u00e9 opinan nuestros compa\u00f1eros de los movimientos sociales y populares. El Presidente es un anarquista, no considera que el Estado sea algo bueno\u00bb<\/strong>, ampli\u00f3.<\/p>\n<p>Fuente: T\u00e9lam<br \/>\nRivero. C<\/p>\n<p>La entrada <a href=\"https:\/\/diariod3.com\/la-comision-bicameral-de-tratamiento-legislativo-define-autoridades-para-discutir-el-dnu\/\" rel=\"noreferrer noopener\" target=\"_blank\">La Comisi\u00f3n Bicameral de Tratamiento Legislativo define autoridades para discutir el DNU<\/a> se public\u00f3 primero en <a href=\"https:\/\/diariod3.com\/\" rel=\"noreferrer noopener\" target=\"_blank\">DIARIO D3 NOTICIAS | SAN JUAN ARGENTINA<\/a>.<\/p>\n","protected":false},"excerpt":{"rendered":"<p>La Comisi\u00f3n Bicameral de Tratamiento Legislativo se re\u00fane este jueves al mediod\u00eda para designar autoridades y acordar su esquema de trabajo, dado que debe tratar decretos de necesidad y urgencia (DNU) dictados por el Gobierno anterior y el DNU 70\/23 impulsado por presidente Javier Milei, que deroga y modifica leyes y propone, entre otras medidas, una reforma laboral.<br \/>\nEl primer tema que abordar\u00e1 la comisi\u00f3n ser\u00e1 la propuesta de la Libertad Avanza (LLA) para designar al senador de La Rioja de ese partido, Juan Carlos Pagotto, como presidente de esta estrat\u00e9gica comisi\u00f3n integrada por 16 miembros, cuya titularidad este a\u00f1o le corresponde al Senado.<\/p>\n<p>El oficialismo conf\u00eda en que cuenta con los votos para imponer a Pagotto ya que tiene el respaldo de seis miembros: tres de LLA, dos del PRO y uno de Hacemos Coalici\u00f3n Federal (HCF). A\u00fan falta resolver la postura que asumir\u00e1n los dos representantes de la UCR, el de Unidad Federal y el de Cambio Federal.<\/p>\n<p>En ese sentido, un sector del radicalis..<\/p>\n","protected":false},"author":2,"featured_media":18177,"comment_status":"","ping_status":"","sticky":false,"template":"","format":"standard","meta":{"footnotes":""},"categories":[12],"tags":[],"_links":{"self":[{"href":"https:\/\/maxradio923.com.ar\/index.php\/wp-json\/wp\/v2\/posts\/18176"}],"collection":[{"href":"https:\/\/maxradio923.com.ar\/index.php\/wp-json\/wp\/v2\/posts"}],"about":[{"href":"https:\/\/maxradio923.com.ar\/index.php\/wp-json\/wp\/v2\/types\/post"}],"author":[{"embeddable":true,"href":"https:\/\/maxradio923.com.ar\/index.php\/wp-json\/wp\/v2\/users\/2"}],"replies":[{"embeddable":true,"href":"https:\/\/maxradio923.com.ar\/index.php\/wp-json\/wp\/v2\/comments?post=18176"}],"version-history":[{"count":0,"href":"https:\/\/maxradio923.com.ar\/index.php\/wp-json\/wp\/v2\/posts\/18176\/revisions"}],"wp:featuredmedia":[{"embeddable":true,"href":"https:\/\/maxradio923.com.ar\/index.php\/wp-json\/wp\/v2\/media\/18177"}],"wp:attachment":[{"href":"https:\/\/maxradio923.com.ar\/index.php\/wp-json\/wp\/v2\/media?parent=18176"}],"wp:term":[{"taxonomy":"category","embeddable":true,"href":"https:\/\/maxradio923.com.ar\/index.php\/wp-json\/wp\/v2\/categories?post=18176"},{"taxonomy":"post_tag","embeddable":true,"href":"https:\/\/maxradio923.com.ar\/index.php\/wp-json\/wp\/v2\/tags?post=18176"}],"curies":[{"name":"wp","href":"https:\/\/api.w.org\/{rel}","templated":true}]}}