{"id":18109,"date":"2024-02-21T09:11:11","date_gmt":"2024-02-21T12:11:11","guid":{"rendered":"https:\/\/maxradio923.com.ar\/index.php\/2024\/02\/21\/paritarias-estatales-ate-rechazo-el-acuerdo-y-anuncio-un-paro-para-el-proximo-lunes\/"},"modified":"2024-02-21T09:11:11","modified_gmt":"2024-02-21T12:11:11","slug":"paritarias-estatales-ate-rechazo-el-acuerdo-y-anuncio-un-paro-para-el-proximo-lunes","status":"publish","type":"post","link":"https:\/\/maxradio923.com.ar\/index.php\/2024\/02\/21\/paritarias-estatales-ate-rechazo-el-acuerdo-y-anuncio-un-paro-para-el-proximo-lunes\/","title":{"rendered":"Paritarias estatales: ATE rechaz\u00f3 el acuerdo y anunci\u00f3 un paro para el pr\u00f3ximo lunes"},"content":{"rendered":"<p><img decoding=\"async\" alt=\"UPCN acord\u00f3 un suba de 12% en febrero. Foto: Maxi Failla\" src=\"https:\/\/www.clarin.com\/img\/2024\/02\/19\/t4HO6ANKa_720x0__1.jpg\"\/>UPCN acord\u00f3 un suba de 12% en febrero. Foto: Maxi Failla<\/p>\n","protected":false},"excerpt":{"rendered":"<p>UPCN acord\u00f3 un suba de 12% en febrero. Foto: Maxi Failla<\/p>\n","protected":false},"author":2,"featured_media":18110,"comment_status":"","ping_status":"","sticky":false,"template":"","format":"standard","meta":{"footnotes":""},"categories":[7],"tags":[],"_links":{"self":[{"href":"https:\/\/maxradio923.com.ar\/index.php\/wp-json\/wp\/v2\/posts\/18109"}],"collection":[{"href":"https:\/\/maxradio923.com.ar\/index.php\/wp-json\/wp\/v2\/posts"}],"about":[{"href":"https:\/\/maxradio923.com.ar\/index.php\/wp-json\/wp\/v2\/types\/post"}],"author":[{"embeddable":true,"href":"https:\/\/maxradio923.com.ar\/index.php\/wp-json\/wp\/v2\/users\/2"}],"replies":[{"embeddable":true,"href":"https:\/\/maxradio923.com.ar\/index.php\/wp-json\/wp\/v2\/comments?post=18109"}],"version-history":[{"count":0,"href":"https:\/\/maxradio923.com.ar\/index.php\/wp-json\/wp\/v2\/posts\/18109\/revisions"}],"wp:featuredmedia":[{"embeddable":true,"href":"https:\/\/maxradio923.com.ar\/index.php\/wp-json\/wp\/v2\/media\/18110"}],"wp:attachment":[{"href":"https:\/\/maxradio923.com.ar\/index.php\/wp-json\/wp\/v2\/media?parent=18109"}],"wp:term":[{"taxonomy":"category","embeddable":true,"href":"https:\/\/maxradio923.com.ar\/index.php\/wp-json\/wp\/v2\/categories?post=18109"},{"taxonomy":"post_tag","embeddable":true,"href":"https:\/\/maxradio923.com.ar\/index.php\/wp-json\/wp\/v2\/tags?post=18109"}],"curies":[{"name":"wp","href":"https:\/\/api.w.org\/{rel}","templated":true}]}}