{"id":18101,"date":"2024-02-21T09:10:57","date_gmt":"2024-02-21T12:10:57","guid":{"rendered":"https:\/\/maxradio923.com.ar\/index.php\/2024\/02\/21\/reubicacion-de-estudiantes-en-educacion-inicial-cronograma-establecido\/"},"modified":"2024-02-21T09:10:57","modified_gmt":"2024-02-21T12:10:57","slug":"reubicacion-de-estudiantes-en-educacion-inicial-cronograma-establecido","status":"publish","type":"post","link":"https:\/\/maxradio923.com.ar\/index.php\/2024\/02\/21\/reubicacion-de-estudiantes-en-educacion-inicial-cronograma-establecido\/","title":{"rendered":"Reubicaci\u00f3n de Estudiantes en Educaci\u00f3n Inicial: Cronograma Establecido"},"content":{"rendered":"<p><img decoding=\"async\" src=\"https:\/\/diariod3.com\/wp-content\/uploads\/2024\/02\/CGIZJNCWJNFWXB5D654YCAODBU.jpg\"\/> <\/p>\n<p>Los padres, tutores o responsables deben dirigirse a la Escuela Sede correspondiente al departamento de residencia del ni\u00f1o. Es necesario llevar la fotocopia del DNI del ni\u00f1o y realizar este tr\u00e1mite en el horario de 8:30 a 12 y de 13:30 a 16:30.<\/p>\n<p>La reubicaci\u00f3n se realiza para garantizar la correcta inclusi\u00f3n de los estudiantes en las instituciones educativas, facilitando as\u00ed el acceso a la Educaci\u00f3n Inicial en el presente ciclo lectivo. Se recomienda a los interesados estar atentos a este cronograma y realizar el proceso en las fechas establecidas.<\/p>\n<h3>Las escuelas sede son las siguientes:<\/h3>\n<p> <img decoding=\"async\" src=\"https:\/\/diariod3.com\/wp-content\/uploads\/2024\/02\/53541263401_6e6e4116b9_c.webp\"\/>  <\/p>\n<p>Ante dudas o consultas comunicarse de 8 a 13 horas con la Direcci\u00f3n de Educaci\u00f3n Inicial al 4305798.<\/p>\n<p>Op: Juan Llarena<\/p>\n<p>La entrada Reubicaci\u00f3n de Estudiantes en Educaci\u00f3n Inicial: Cronograma Establecido se public\u00f3 primero en DIARIO D3 NOTICIAS | SAN JUAN ARGENTINA.<\/p>\n","protected":false},"excerpt":{"rendered":"<p>Los padres, tutores o responsables deben dirigirse a la Escuela Sede correspondiente al departamento de residencia del ni\u00f1o. Es necesario llevar la fotocopia del DNI del ni\u00f1o y realizar este tr\u00e1mite en el horario de 8:30 a 12 y de 13:30 a 16:30.<br \/>\n La reubicaci\u00f3n se realiza para garantizar la correcta inclusi\u00f3n de los estudiantes en las instituciones educativas, facilitando as\u00ed el acceso a la Educaci\u00f3n Inicial en el presente ciclo lectivo. Se recomienda a los interesados estar atentos a este cronograma y realizar el proceso en las fechas establecidas.<br \/>\n Las escuelas sede son las siguientes: Ante dudas o consultas comunicarse de 8 a 13 horas con la Direcci\u00f3n de Educaci\u00f3n Inicial al 4305798.<br \/>\n Op: Juan Llarena<br \/>\n La entrada Reubicaci\u00f3n de Estudiantes en Educaci\u00f3n Inicial: Cronograma Establecido se public\u00f3 primero en DIARIO D3 NOTICIAS | SAN JUAN ARGENTINA.<\/p>\n","protected":false},"author":2,"featured_media":18102,"comment_status":"","ping_status":"","sticky":false,"template":"","format":"standard","meta":{"footnotes":""},"categories":[8],"tags":[],"_links":{"self":[{"href":"https:\/\/maxradio923.com.ar\/index.php\/wp-json\/wp\/v2\/posts\/18101"}],"collection":[{"href":"https:\/\/maxradio923.com.ar\/index.php\/wp-json\/wp\/v2\/posts"}],"about":[{"href":"https:\/\/maxradio923.com.ar\/index.php\/wp-json\/wp\/v2\/types\/post"}],"author":[{"embeddable":true,"href":"https:\/\/maxradio923.com.ar\/index.php\/wp-json\/wp\/v2\/users\/2"}],"replies":[{"embeddable":true,"href":"https:\/\/maxradio923.com.ar\/index.php\/wp-json\/wp\/v2\/comments?post=18101"}],"version-history":[{"count":0,"href":"https:\/\/maxradio923.com.ar\/index.php\/wp-json\/wp\/v2\/posts\/18101\/revisions"}],"wp:featuredmedia":[{"embeddable":true,"href":"https:\/\/maxradio923.com.ar\/index.php\/wp-json\/wp\/v2\/media\/18102"}],"wp:attachment":[{"href":"https:\/\/maxradio923.com.ar\/index.php\/wp-json\/wp\/v2\/media?parent=18101"}],"wp:term":[{"taxonomy":"category","embeddable":true,"href":"https:\/\/maxradio923.com.ar\/index.php\/wp-json\/wp\/v2\/categories?post=18101"},{"taxonomy":"post_tag","embeddable":true,"href":"https:\/\/maxradio923.com.ar\/index.php\/wp-json\/wp\/v2\/tags?post=18101"}],"curies":[{"name":"wp","href":"https:\/\/api.w.org\/{rel}","templated":true}]}}