{"id":18099,"date":"2024-02-21T09:10:51","date_gmt":"2024-02-21T12:10:51","guid":{"rendered":"https:\/\/maxradio923.com.ar\/index.php\/2024\/02\/21\/el-bloque-pro-ratifico-su-respaldo-al-oficialismo-y-define-su-agenda-en-diputados\/"},"modified":"2024-02-21T09:10:51","modified_gmt":"2024-02-21T12:10:51","slug":"el-bloque-pro-ratifico-su-respaldo-al-oficialismo-y-define-su-agenda-en-diputados","status":"publish","type":"post","link":"https:\/\/maxradio923.com.ar\/index.php\/2024\/02\/21\/el-bloque-pro-ratifico-su-respaldo-al-oficialismo-y-define-su-agenda-en-diputados\/","title":{"rendered":"El bloque PRO ratific\u00f3 su respaldo al oficialismo y define su agenda en Diputados"},"content":{"rendered":"<p><img decoding=\"async\" src=\"https:\/\/diariod3.com\/wp-content\/uploads\/2024\/02\/65b0e8d94012a_1200.jpg\"\/><\/p>\n<p>El <strong>bloque PRO de la C\u00e1mara de Diputados<\/strong> ratific\u00f3 su alineamiento con las pol\u00edticas del Gobierno nacional y comenz\u00f3 a delinear la estrategia legislativa para el per\u00edodo de <strong>sesiones ordinarias<\/strong>, que se iniciar\u00e1 el 1 de marzo, y en el cual la bancada aspira a aprobar los temas de \u00absu agenda\u00bb como ficha limpia o boleta \u00fanica de papel.<\/p>\n<p>En el marco de su habitual reuni\u00f3n semanal -discontinuada el \u00faltimo martes por el feriado de Carnaval- se analiz\u00f3 el fallido debate del proyecto de<strong> \u2018Ley Bases\u2019<\/strong>, la posibilidad de confluir en un interbloque con <strong>La Libertad Avanza<\/strong> y los dichos del presidente <strong>Javier Milei <\/strong>sobre los legisladores nacionales.<\/p>\n<p>Adem\u00e1s, seg\u00fan fuentes que participaron de la reuni\u00f3n, se traz\u00f3 una l\u00ednea de acci\u00f3n que incluye temas de la hist\u00f3rica <strong>\u2018agenda PRO\u2019<\/strong> como el de ficha limpia o el de boleta \u00fanica papel, adem\u00e1s del referido al voto de los argentinos en el exterior y un decreto de <strong>Mauricio Macri <\/strong>sobre pol\u00edtica migratoria.<\/p>\n<h2>Proactividad<\/h2>\n<p>Algunos diputados plantearon tambi\u00e9n la necesidad de ponerse al frente de algunas iniciativas que impulsa el Gobierno -y que est\u00e1n incluidos en el <strong>DNU<\/strong> o la <strong>Ley de Bases<\/strong>\u2013 como las reformas laborales o la f\u00f3rmula de movilidad jubilatoria.<\/p>\n<p>Fuentes de la bancada tambi\u00e9n se\u00f1alaron a <strong>T\u00e9lam<\/strong> que estiman que \u00aben comisi\u00f3n bicameral de Tr\u00e1mite Legislativo, el DNU 70\/23 <strong>recibir\u00eda ocho apoyos y ocho rechazos<\/strong>, con un desempate a favor de su vigencia por parte del presidente -que ser\u00eda un libertario-\u00ab.<\/p>\n<p>Sin embargo,<strong> lo que dictamine la comisi\u00f3n no necesariamente ser\u00e1 lo que se pueda reflejar en los recintos<\/strong>, ya que la correlaci\u00f3n de fuerzas expresada en ese cuerpo de trabajo y en los plenarios no es exacta.<\/p>\n<p>Al t\u00e9rmino de la reuni\u00f3n, el presidente de la bancada, <strong>Cristian Ritondo<\/strong>, se\u00f1al\u00f3 a los medios: \u00abFue una buena reuni\u00f3n donde planteamos c\u00f3mo vamos a seguir trabajando en muchas de las cosas que tienen que ver y representan el cambio que vino incluido en la<strong> \u2018Ley Omnibus\u2019 <\/strong>y tambi\u00e9n la agenda parlamentaria que tenemos desde el <strong>PRO<\/strong>\u00ab.<\/p>\n<p>Consultado sobre el interbloque, y pese a que sus pares reconocieron que el tema fue tratado, <strong>Ritondo <\/strong>neg\u00f3 su abordaje: \u00abNo es que no exista. Nunca existi\u00f3, digamos. Hoy nosotros lo que hacemos y nos hemos comprometido es darle las herramientas al gobierno de cambio. Votamos en consecuencia. Vamos a acompa\u00f1ar en todo lo que sea necesario\u00bb.<\/p>\n<p>Ante la insistencia de los medios, ampli\u00f3: \u00abYo no descarto la realidad que tenemos de que hay muchas ideas que compartimos, que la visi\u00f3n del cambio que lo compartimos, la visi\u00f3n de d\u00f3nde tiene que estar Argentina en el mundo, con qui\u00e9n tiene que estar relacionada. Todo eso lo compartimos y lo dejamos puestos cada vez que votamos. Y en el acompa\u00f1amiento que hicimos muchos de nosotros, en apoyar a <strong>Javier Milei <\/strong>en la segunda vuelta\u00bb.<\/p>\n<p>Sobre la posibilidad de debatir diferentes proyectos con el contenido que tiene la <strong>\u2018Ley Bases\u2019<\/strong>, asever\u00f3: \u00abTodav\u00eda no hay ninguna propuesta de esa; y nosotros s\u00ed podemos decir que hay muchas cosas que ten\u00eda la ley que nos importa que salgan. Est\u00e1 el cap\u00edtulo de educaci\u00f3n y cultura, est\u00e1 hidrocarburos, est\u00e1 todo lo que tiene el r\u00e9gimen de inversiones\u00bb.<\/p>\n<p>Tambi\u00e9n dijo que \u00aba partir del primero de marzo se pueden presentar proyectos conjuntos; y lo digo, m\u00e1s all\u00e1 de lo que venga del Gobierno, nosotros s\u00ed tenemos un mont\u00f3n de cosas. Ya hab\u00edamos adelantado b\u00e1sicamente nuestro acompa\u00f1amiento en general y en particular de la ley, as\u00ed lo anunciamos. Pero que hay temas que son importantes y que creo que pueden lograr m\u00e1s consenso y que pueden ser acompa\u00f1ados\u00bb.<\/p>\n<p>Fuente: T\u00e9lam<br \/>\nRivero Cecilia<\/p>\n<p>La entrada <a href=\"https:\/\/diariod3.com\/el-bloque-pro-ratifico-su-respaldo-al-oficialismo-y-define-su-agenda-en-diputados\/\" rel=\"noreferrer noopener\" target=\"_blank\">El bloque PRO ratific\u00f3 su respaldo al oficialismo y define su agenda en Diputados<\/a> se public\u00f3 primero en <a href=\"https:\/\/diariod3.com\/\" rel=\"noreferrer noopener\" target=\"_blank\">DIARIO D3 NOTICIAS | SAN JUAN ARGENTINA<\/a>.<\/p>\n","protected":false},"excerpt":{"rendered":"<p>El bloque PRO de la C\u00e1mara de Diputados ratific\u00f3 su alineamiento con las pol\u00edticas del Gobierno nacional y comenz\u00f3 a delinear la estrategia legislativa para el per\u00edodo de sesiones ordinarias, que se iniciar\u00e1 el 1 de marzo, y en el cual la bancada aspira a aprobar los temas de \u00absu agenda\u00bb como ficha limpia o boleta \u00fanica de papel.<br \/>\nEn el marco de su habitual reuni\u00f3n semanal -discontinuada el \u00faltimo martes por el feriado de Carnaval- se analiz\u00f3 el fallido debate del proyecto de \u2018Ley Bases\u2019, la posibilidad de confluir en un interbloque con La Libertad Avanza y los dichos del presidente Javier Milei sobre los legisladores nacionales.<\/p>\n<p>Adem\u00e1s, seg\u00fan fuentes que participaron de la reuni\u00f3n, se traz\u00f3 una l\u00ednea de acci\u00f3n que incluye temas de la hist\u00f3rica \u2018agenda PRO\u2019 como el de ficha limpia o el de boleta \u00fanica papel, adem\u00e1s del referido al voto de los argentinos en el exterior y un decreto de Mauricio Macri sobre pol\u00edtica migratoria.<\/p>\n<p>Proactividad<br \/>\nAlgunos diputados plantearon tambi\u00e9n la necesid..<\/p>\n","protected":false},"author":2,"featured_media":18100,"comment_status":"","ping_status":"","sticky":false,"template":"","format":"standard","meta":{"footnotes":""},"categories":[12],"tags":[],"_links":{"self":[{"href":"https:\/\/maxradio923.com.ar\/index.php\/wp-json\/wp\/v2\/posts\/18099"}],"collection":[{"href":"https:\/\/maxradio923.com.ar\/index.php\/wp-json\/wp\/v2\/posts"}],"about":[{"href":"https:\/\/maxradio923.com.ar\/index.php\/wp-json\/wp\/v2\/types\/post"}],"author":[{"embeddable":true,"href":"https:\/\/maxradio923.com.ar\/index.php\/wp-json\/wp\/v2\/users\/2"}],"replies":[{"embeddable":true,"href":"https:\/\/maxradio923.com.ar\/index.php\/wp-json\/wp\/v2\/comments?post=18099"}],"version-history":[{"count":0,"href":"https:\/\/maxradio923.com.ar\/index.php\/wp-json\/wp\/v2\/posts\/18099\/revisions"}],"wp:featuredmedia":[{"embeddable":true,"href":"https:\/\/maxradio923.com.ar\/index.php\/wp-json\/wp\/v2\/media\/18100"}],"wp:attachment":[{"href":"https:\/\/maxradio923.com.ar\/index.php\/wp-json\/wp\/v2\/media?parent=18099"}],"wp:term":[{"taxonomy":"category","embeddable":true,"href":"https:\/\/maxradio923.com.ar\/index.php\/wp-json\/wp\/v2\/categories?post=18099"},{"taxonomy":"post_tag","embeddable":true,"href":"https:\/\/maxradio923.com.ar\/index.php\/wp-json\/wp\/v2\/tags?post=18099"}],"curies":[{"name":"wp","href":"https:\/\/api.w.org\/{rel}","templated":true}]}}