{"id":18097,"date":"2024-02-21T09:10:51","date_gmt":"2024-02-21T12:10:51","guid":{"rendered":"https:\/\/maxradio923.com.ar\/index.php\/2024\/02\/21\/mondino-participa-en-brasil-de-la-reunion-de-cancilleres-del-g20\/"},"modified":"2024-02-21T09:10:51","modified_gmt":"2024-02-21T12:10:51","slug":"mondino-participa-en-brasil-de-la-reunion-de-cancilleres-del-g20","status":"publish","type":"post","link":"https:\/\/maxradio923.com.ar\/index.php\/2024\/02\/21\/mondino-participa-en-brasil-de-la-reunion-de-cancilleres-del-g20\/","title":{"rendered":"Mondino participa en Brasil de la reuni\u00f3n de cancilleres del G20"},"content":{"rendered":"<p><img decoding=\"async\" src=\"https:\/\/diariod3.com\/wp-content\/uploads\/2024\/02\/65bbaf9b03ffc_1200.jpg\"\/><\/p>\n<p>La canciller <strong>Diana Mondino <\/strong>comenzar\u00e1 este mi\u00e9rcoles su agenda oficial en <strong>R\u00edo de Janeiro <\/strong>al participar de una reuni\u00f3n de ministros de Relaciones Exteriores del <strong>G20<\/strong>, que se desarrollar\u00e1 hasta el jueves, y ser\u00e1 preparatoria de la cumbre de este a\u00f1o del grupo, que lidera pro tempore Brasil.<\/p>\n<p>Seg\u00fan informaron fuentes oficiales, se aguarda que la canciller argentina tenga en Brasil encuentros con su par Mauro Vieira y con el ministro de Hacienda de ese pa\u00eds, <strong>Fernando Haddad<\/strong>. Adem\u00e1s se cruzar\u00e1 con su par brit\u00e1nico, <strong>David Cameron<\/strong>, quien en los \u00faltimos d\u00edas visit\u00f3 las islas Malvinas.<\/p>\n<p>Si bien no hubo un comunicado oficial de la Canciller\u00eda argentina al respecto, Mondino hizo el martes una publicaci\u00f3n ir\u00f3nica en su cuenta de X.<\/p>\n<p>\u00abValoramos el gesto del canciller de UK Cameron de incluir a la Argentina en su vista a la regi\u00f3n. Estaremos felices de recibirlo, en una pr\u00f3xima ocasi\u00f3n, tambi\u00e9n en Buenos Aires\u00bb, manifest\u00f3 la ministra de Relaciones Exteriores sobre su par brit\u00e1nico, quien arrib\u00f3 el lunes a las Malvinas como parte de un viaje a Sudam\u00e9rica que incluir\u00e1 a Paraguay y Brasil.<\/p>\n<p><strong>En Malvinas, Cameron expres\u00f3 su deseo de que las islas y sus ocupantes contin\u00faen bajo dominio del Reino Unido \u00abpor mucho tiempo, posiblemente para siempre\u00bb<\/strong>, y realiz\u00f3 tambi\u00e9n un homenaje \u00aba todos aquellos que perdieron la vida durante el conflicto de 1982\u00bb.<\/p>\n<p><strong>El encuentro en R\u00edo ser\u00e1 presidido por el canciller de Brasil, Mauro Vieira,<\/strong> con una agenda propuesta por el gobierno anfitri\u00f3n que se enfoca en tres \u00e1reas prioritarias, que son la lucha contra las desigualdades, el hambre y la pobreza; el desarrollo sostenible y la transici\u00f3n energ\u00e9tica; y la reforma de las instituciones de gobernanza mundial.<\/p>\n<p>All\u00ed se debatir\u00e1n estrategias y acciones concretas sobre estas cuestiones y, especialmente uno de los aspectos que impulsa el presidente brasilero, Luis In\u00e1cio Lula Da Silva, la necesidad de iniciar reformas que incluyen a la ONU, el Banco Mundial, la Organizaci\u00f3n Mundial del Comercio y el Fondo Monetario Internacional, en favor de \u00abuna gobernanza mundial m\u00e1s eficaz e inclusiva\u00bb, de acuerdo con la informaci\u00f3n oficial de la reuni\u00f3n.<\/p>\n<p>Lula promueve estas reformas que en el marco de la ONU incluyen al Consejo de Seguridad de la organizaci\u00f3n internacional, al que considera \u00abinsuficiente\u00bb para hacer frente a los conflictos actuales que han generado una gran inestabilidad geopol\u00edtica, con crisis que afectan a diversas regiones del mundo.<\/p>\n<p>En el marco de la preparaci\u00f3n de la cumbre, <strong>el mi\u00e9rcoles y jueves de la semana pr\u00f3xima se realizar\u00e1 en San Pablo una reuni\u00f3n presencial de los ministros de Finanzas y de titulares de bancos centrales<\/strong>, a la que se espera que asistan el ministro de Econom\u00eda, Luis Caputo y el presidente del BCRA, Santiago Bausili.<\/p>\n<p>Seg\u00fan fuentes oficiales, Mondino tiene previsto retornar a la Argentina el viernes pr\u00f3ximo.<\/p>\n<p>La presencia de la delegaci\u00f3n argentina coincidir\u00e1 con la <strong>visita del secretario de Estado, Antony Blinken, a Brasil y Argentina<\/strong>, dos pa\u00edses que seg\u00fan la Casa Blanca son dos de sus socios \u00abm\u00e1s importantes\u00bb.<\/p>\n<p>El Jefe de la diplomacia estadounidense arribar\u00e1 este mi\u00e9rcoles a Brasil, donde tiene previsto un encuentro con el presidente Lula, en tanto que el jueves se trasladar\u00e1 a Buenos Aires, donde tiene una reuni\u00f3n agendada con el presidente Javier Milei para el viernes, indicaron las fuentes oficiales.<\/p>\n<p>Mondino mantuvo el lunes una reuni\u00f3n con el ministro para Europa y Asuntos Exteriores de Francia, St\u00e9phane S\u00e9jour, que encabez\u00f3 el presidente Milei en la Casa Rosada, y a la que asistieron Caputo y el Jefe de Gabinete, Nicol\u00e1s Posse, entre otros funcionarios.<\/p>\n<p><strong>El G20 re\u00fane a los pa\u00edses con las mayores econom\u00edas del mundo<\/strong>, cuyos miembros se re\u00fanen anualmente para debatir iniciativas econ\u00f3micas, pol\u00edticas y sociales, y que se definen a s\u00ed mismos como el principal foro de cooperaci\u00f3n econ\u00f3mica internacional.<\/p>\n<p>Los pa\u00edses integrantes del foro son Alemania, Arabia Saudita, Argentina, Australia, Brasil, Canad\u00e1, China, Estados Unidos de Am\u00e9rica, Francia, India, Indonesia, Italia, Jap\u00f3n, M\u00e9xico, Reino Unido, Rep\u00fablica de Corea, Rusia, Sud\u00e1frica, Turqu\u00eda, Uni\u00f3n Africana y Uni\u00f3n Europea (UE). Adem\u00e1s, participan en el G20 pa\u00edses y organizaciones internacionales invitadas.<\/p>\n<p>Fuente: T\u00e9lam<br \/>\nRivero Cecilia<\/p>\n<p>La entrada <a href=\"https:\/\/diariod3.com\/mondino-participa-en-brasil-de-la-reunion-de-cancilleres-del-g20\/\" rel=\"noreferrer noopener\" target=\"_blank\">Mondino participa en Brasil de la reuni\u00f3n de cancilleres del G20<\/a> se public\u00f3 primero en <a href=\"https:\/\/diariod3.com\/\" rel=\"noreferrer noopener\" target=\"_blank\">DIARIO D3 NOTICIAS | SAN JUAN ARGENTINA<\/a>.<\/p>\n","protected":false},"excerpt":{"rendered":"<p>La canciller Diana Mondino comenzar\u00e1 este mi\u00e9rcoles su agenda oficial en R\u00edo de Janeiro al participar de una reuni\u00f3n de ministros de Relaciones Exteriores del G20, que se desarrollar\u00e1 hasta el jueves, y ser\u00e1 preparatoria de la cumbre de este a\u00f1o del grupo, que lidera pro tempore Brasil.<br \/>\nSeg\u00fan informaron fuentes oficiales, se aguarda que la canciller argentina tenga en Brasil encuentros con su par Mauro Vieira y con el ministro de Hacienda de ese pa\u00eds, Fernando Haddad. Adem\u00e1s se cruzar\u00e1 con su par brit\u00e1nico, David Cameron, quien en los \u00faltimos d\u00edas visit\u00f3 las islas Malvinas.<\/p>\n<p>Si bien no hubo un comunicado oficial de la Canciller\u00eda argentina al respecto, Mondino hizo el martes una publicaci\u00f3n ir\u00f3nica en su cuenta de X.<\/p>\n<p>\u00abValoramos el gesto del canciller de UK Cameron de incluir a la Argentina en su vista a la regi\u00f3n. Estaremos felices de recibirlo, en una pr\u00f3xima ocasi\u00f3n, tambi\u00e9n en Buenos Aires\u00bb, manifest\u00f3 la ministra de Relaciones Exteriores sobre su par brit\u00e1nico, quien arrib\u00f3 el lune..<\/p>\n","protected":false},"author":2,"featured_media":18098,"comment_status":"","ping_status":"","sticky":false,"template":"","format":"standard","meta":{"footnotes":""},"categories":[12],"tags":[],"_links":{"self":[{"href":"https:\/\/maxradio923.com.ar\/index.php\/wp-json\/wp\/v2\/posts\/18097"}],"collection":[{"href":"https:\/\/maxradio923.com.ar\/index.php\/wp-json\/wp\/v2\/posts"}],"about":[{"href":"https:\/\/maxradio923.com.ar\/index.php\/wp-json\/wp\/v2\/types\/post"}],"author":[{"embeddable":true,"href":"https:\/\/maxradio923.com.ar\/index.php\/wp-json\/wp\/v2\/users\/2"}],"replies":[{"embeddable":true,"href":"https:\/\/maxradio923.com.ar\/index.php\/wp-json\/wp\/v2\/comments?post=18097"}],"version-history":[{"count":0,"href":"https:\/\/maxradio923.com.ar\/index.php\/wp-json\/wp\/v2\/posts\/18097\/revisions"}],"wp:featuredmedia":[{"embeddable":true,"href":"https:\/\/maxradio923.com.ar\/index.php\/wp-json\/wp\/v2\/media\/18098"}],"wp:attachment":[{"href":"https:\/\/maxradio923.com.ar\/index.php\/wp-json\/wp\/v2\/media?parent=18097"}],"wp:term":[{"taxonomy":"category","embeddable":true,"href":"https:\/\/maxradio923.com.ar\/index.php\/wp-json\/wp\/v2\/categories?post=18097"},{"taxonomy":"post_tag","embeddable":true,"href":"https:\/\/maxradio923.com.ar\/index.php\/wp-json\/wp\/v2\/tags?post=18097"}],"curies":[{"name":"wp","href":"https:\/\/api.w.org\/{rel}","templated":true}]}}