{"id":18081,"date":"2024-02-21T09:10:30","date_gmt":"2024-02-21T12:10:30","guid":{"rendered":"https:\/\/maxradio923.com.ar\/index.php\/2024\/02\/21\/de-presidente-de-honduras-al-banquillo-de-los-acusados-en-nueva-york-acusado-por-narcotrafico\/"},"modified":"2024-02-21T09:10:30","modified_gmt":"2024-02-21T12:10:30","slug":"de-presidente-de-honduras-al-banquillo-de-los-acusados-en-nueva-york-acusado-por-narcotrafico","status":"publish","type":"post","link":"https:\/\/maxradio923.com.ar\/index.php\/2024\/02\/21\/de-presidente-de-honduras-al-banquillo-de-los-acusados-en-nueva-york-acusado-por-narcotrafico\/","title":{"rendered":"De presidente de Honduras al banquillo de los acusados en Nueva York, acusado por narcotr\u00e1fico"},"content":{"rendered":"<p><img decoding=\"async\" alt=\"Protesta contra Hern\u00e1ndez en Nueva York. Foto EFE\" src=\"https:\/\/www.clarin.com\/img\/2024\/02\/20\/FpaPMjZcx_720x0__1.jpg\"\/>Protesta contra Hern\u00e1ndez en Nueva York. Foto EFE<img decoding=\"async\" alt=\"Una reconstrucci\u00f3n de la primera sesi\u00f3n del juicio contra Hern\u00e1ndez. Foto AP\" src=\"https:\/\/www.clarin.com\/img\/2024\/02\/20\/TWVDbcaHc_720x0__1.jpg\"\/>Una reconstrucci\u00f3n de la primera sesi\u00f3n del juicio contra Hern\u00e1ndez. Foto AP<\/p>\n","protected":false},"excerpt":{"rendered":"<p>Protesta contra Hern\u00e1ndez en Nueva York. Foto EFEUna reconstrucci\u00f3n de la primera sesi\u00f3n del juicio contra Hern\u00e1ndez. Foto AP<\/p>\n","protected":false},"author":2,"featured_media":18082,"comment_status":"","ping_status":"","sticky":false,"template":"","format":"standard","meta":{"footnotes":""},"categories":[3],"tags":[],"_links":{"self":[{"href":"https:\/\/maxradio923.com.ar\/index.php\/wp-json\/wp\/v2\/posts\/18081"}],"collection":[{"href":"https:\/\/maxradio923.com.ar\/index.php\/wp-json\/wp\/v2\/posts"}],"about":[{"href":"https:\/\/maxradio923.com.ar\/index.php\/wp-json\/wp\/v2\/types\/post"}],"author":[{"embeddable":true,"href":"https:\/\/maxradio923.com.ar\/index.php\/wp-json\/wp\/v2\/users\/2"}],"replies":[{"embeddable":true,"href":"https:\/\/maxradio923.com.ar\/index.php\/wp-json\/wp\/v2\/comments?post=18081"}],"version-history":[{"count":0,"href":"https:\/\/maxradio923.com.ar\/index.php\/wp-json\/wp\/v2\/posts\/18081\/revisions"}],"wp:featuredmedia":[{"embeddable":true,"href":"https:\/\/maxradio923.com.ar\/index.php\/wp-json\/wp\/v2\/media\/18082"}],"wp:attachment":[{"href":"https:\/\/maxradio923.com.ar\/index.php\/wp-json\/wp\/v2\/media?parent=18081"}],"wp:term":[{"taxonomy":"category","embeddable":true,"href":"https:\/\/maxradio923.com.ar\/index.php\/wp-json\/wp\/v2\/categories?post=18081"},{"taxonomy":"post_tag","embeddable":true,"href":"https:\/\/maxradio923.com.ar\/index.php\/wp-json\/wp\/v2\/tags?post=18081"}],"curies":[{"name":"wp","href":"https:\/\/api.w.org\/{rel}","templated":true}]}}