{"id":18073,"date":"2024-02-21T09:10:18","date_gmt":"2024-02-21T12:10:18","guid":{"rendered":"https:\/\/maxradio923.com.ar\/index.php\/2024\/02\/21\/de-los-escenarios-nacionales-al-anfiteatro-buenaventura-luna-una-noche-de-talento-sanjuanino\/"},"modified":"2024-02-21T09:10:18","modified_gmt":"2024-02-21T12:10:18","slug":"de-los-escenarios-nacionales-al-anfiteatro-buenaventura-luna-una-noche-de-talento-sanjuanino","status":"publish","type":"post","link":"https:\/\/maxradio923.com.ar\/index.php\/2024\/02\/21\/de-los-escenarios-nacionales-al-anfiteatro-buenaventura-luna-una-noche-de-talento-sanjuanino\/","title":{"rendered":"De los Escenarios Nacionales al Anfiteatro Buenaventura Luna: Una Noche de Talento Sanjuanino"},"content":{"rendered":"<p><img decoding=\"async\" src=\"https:\/\/diariod3.com\/wp-content\/uploads\/2024\/02\/fe4330f416d18e91e950c79307cdd285_L.jpeg\"\/> El s\u00e1bado 24 de febrero, los artistas sanjuaninos que participaron de los festivales folcl\u00f3ricos del pa\u00eds se presentar\u00e1n ante el p\u00fablico local.        <img decoding=\"async\" src=\"https:\/\/sisanjuan.b-cdn.net\/media\/k2\/items\/cache\/fe4330f416d18e91e950c79307cdd285_L.jpg\" alt=\"De los escenarios nacionales al Anfiteatro Buenaventura Luna\"\/>    <\/p>\n<p>El Ministerio de Turismo, Cultura y Deporte invita al p\u00fablico a disfrutar de una puesta netamente sanjuanina. Con entrada libre y gratuita, subir\u00e1n al escenario del Anfiteatro Buenaventura Luna los artistas que resultaron finalistas en los cert\u00e1menes de pre Cosqu\u00edn y pre Laborde, como as\u00ed tambi\u00e9n, la delegaci\u00f3n oficial local que fue parte del Festival Nacional de folclore en el segmento \u00abPostales de provincia\u00bb.<\/p>\n<p>Desde las 21 hs, el Complejo Auditorio Juan Victoria recibir\u00e1 a los sanjuaninos para sumarse a vivir esta propuesta.<\/p>\n<p>La apertura de la noche estar\u00e1 a cargo de \u00ab1944, San Juan, provincia de eternidad\u00bb, a cargo de la delegaci\u00f3n oficial del Gobierno de San Juan, que se present\u00f3 en el festival de Cosqu\u00edn en el marco del segmento \u00abPostales de provincia\u00bb. La direcci\u00f3n estuvo a cargo de Alejandro Almarcha, Lucio Flores, Federico Luna y Fernando Mu\u00f1oz.<\/p>\n<p>El segundo cuadro estar\u00e1 a cargo de Thiago S\u00e1nchez, Solista de Malambo Juvenil en el Festival de Laborde 2024.<\/p>\n<p>Luego estar\u00e1 la agrupaci\u00f3n \u00abCueca en San Juan, hacia 1900\u00bb, dirigida por Pablo Carrizo y Lucas D\u00edaz, que obtuvo una menci\u00f3n especial en el rubro conjunto de danza.<\/p>\n<p>El recitador gauchesco, Juanjo Recabarren, acompa\u00f1ar\u00e1 con su \u00abRecitado 2 de abril\u00bb del autor Adri\u00e1n Maggi, un homenaje a los ca\u00eddos y veteranos de guerra de Malvinas.<\/p>\n<p>Posteriormente llegar\u00e1 la destacada compa\u00f1\u00eda de danza Riveros Luna, que fue finalista del pre Cosqu\u00edn en el rubro Conjunto de Baile Folkl\u00f3rico con la direcci\u00f3n de Javier Riveros y Natalia Luna.<\/p>\n<p>Para cerrar la noche, El Ramalazo se har\u00e1 presente como los ganadores del Pre Cosqu\u00edn en el rubro de Conjunto, con la direcci\u00f3n de Juan Peletier.<\/p>\n<p>La entrada De los Escenarios Nacionales al Anfiteatro Buenaventura Luna: Una Noche de Talento Sanjuanino se public\u00f3 primero en DIARIO D3 NOTICIAS | SAN JUAN ARGENTINA.<\/p>\n","protected":false},"excerpt":{"rendered":"<p>El s\u00e1bado 24 de febrero, los artistas sanjuaninos que participaron de los festivales folcl\u00f3ricos del pa\u00eds se presentar\u00e1n ante el p\u00fablico local. El Ministerio de Turismo, Cultura y Deporte invita al p\u00fablico a disfrutar de una puesta netamente sanjuanina. Con entrada libre y gratuita, subir\u00e1n al escenario del Anfiteatro Buenaventura Luna los artistas que resultaron finalistas en los cert\u00e1menes de pre Cosqu\u00edn y pre Laborde, como as\u00ed tambi\u00e9n, la delegaci\u00f3n oficial local que fue parte del Festival Nacional de folclore en el segmento \u00abPostales de provincia\u00bb.<br \/>\n Desde las 21 hs, el Complejo Auditorio Juan Victoria recibir\u00e1 a los sanjuaninos para sumarse a vivir esta propuesta.<br \/>\n La apertura de la noche estar\u00e1 a cargo de \u00ab1944, San Juan, provincia de eternidad\u00bb, a cargo de la delegaci\u00f3n oficial del Gobierno de San Juan, que se present\u00f3 en el festival de Cosqu\u00edn en el marco del segmento \u00abPostales de provincia\u00bb. La direcci\u00f3n estuvo a cargo de Alejandro Almarcha, Lucio Flores, Federico Luna y Fernan..<\/p>\n","protected":false},"author":2,"featured_media":18074,"comment_status":"","ping_status":"","sticky":false,"template":"","format":"standard","meta":{"footnotes":""},"categories":[10],"tags":[],"_links":{"self":[{"href":"https:\/\/maxradio923.com.ar\/index.php\/wp-json\/wp\/v2\/posts\/18073"}],"collection":[{"href":"https:\/\/maxradio923.com.ar\/index.php\/wp-json\/wp\/v2\/posts"}],"about":[{"href":"https:\/\/maxradio923.com.ar\/index.php\/wp-json\/wp\/v2\/types\/post"}],"author":[{"embeddable":true,"href":"https:\/\/maxradio923.com.ar\/index.php\/wp-json\/wp\/v2\/users\/2"}],"replies":[{"embeddable":true,"href":"https:\/\/maxradio923.com.ar\/index.php\/wp-json\/wp\/v2\/comments?post=18073"}],"version-history":[{"count":0,"href":"https:\/\/maxradio923.com.ar\/index.php\/wp-json\/wp\/v2\/posts\/18073\/revisions"}],"wp:featuredmedia":[{"embeddable":true,"href":"https:\/\/maxradio923.com.ar\/index.php\/wp-json\/wp\/v2\/media\/18074"}],"wp:attachment":[{"href":"https:\/\/maxradio923.com.ar\/index.php\/wp-json\/wp\/v2\/media?parent=18073"}],"wp:term":[{"taxonomy":"category","embeddable":true,"href":"https:\/\/maxradio923.com.ar\/index.php\/wp-json\/wp\/v2\/categories?post=18073"},{"taxonomy":"post_tag","embeddable":true,"href":"https:\/\/maxradio923.com.ar\/index.php\/wp-json\/wp\/v2\/tags?post=18073"}],"curies":[{"name":"wp","href":"https:\/\/api.w.org\/{rel}","templated":true}]}}