{"id":18067,"date":"2024-02-20T13:55:34","date_gmt":"2024-02-20T16:55:34","guid":{"rendered":"https:\/\/maxradio923.com.ar\/index.php\/2024\/02\/20\/contratados-de-servicios-generales-y-administrativos-deben-presentar-factura-de-febrero\/"},"modified":"2024-02-20T13:55:34","modified_gmt":"2024-02-20T16:55:34","slug":"contratados-de-servicios-generales-y-administrativos-deben-presentar-factura-de-febrero","status":"publish","type":"post","link":"https:\/\/maxradio923.com.ar\/index.php\/2024\/02\/20\/contratados-de-servicios-generales-y-administrativos-deben-presentar-factura-de-febrero\/","title":{"rendered":"Contratados de Servicios Generales y Administrativos deben Presentar Factura de Febrero"},"content":{"rendered":"<p><img decoding=\"async\" src=\"https:\/\/diariod3.com\/wp-content\/uploads\/2024\/02\/53335017214_28a22e257e_b.jpg\"\/><\/p>\n<p>El Ministerio de Educaci\u00f3n ha emitido un comunicado informando a las personas con Contratos Administrativos de Servicios de Colaboraci\u00f3n sobre el procedimiento para la presentaci\u00f3n de facturas correspondientes al mes de febrero de 2024.<\/p>\n<p><strong>Servicios Generales (Porteros) \u2013 Zonas Alejadas<\/strong><\/p>\n<p>Las personas contratadas que residen en los departamentos de Calingasta, Iglesia, J\u00e1chal y Valle F\u00e9rtil deben entregar la factura electr\u00f3nica impresa a su director. Este \u00faltimo ser\u00e1 responsable de presentarlas en un sobre en su Unidad de Gesti\u00f3n.<\/p>\n<p>Las facturas electr\u00f3nicas deben ser confeccionadas de la siguiente manera:<\/p>\n<p><strong>FACTURA MES DE FEBRERO 2024:<\/strong><\/p>\n<ul>\n<li>FECHA DE EMISI\u00d3N: 29\/02\/2024<\/li>\n<li>PERIODO FACTURADO: DESDE EL 01\/02\/2024 Hasta 29\/02\/2024<\/li>\n<li>VENCIMIENTO: 29\/03\/2024<\/li>\n<li>CUIT GOBIERNO DE LA PROVINCIA: 30-99901516-2 CONDICI\u00d3N FRENTE AL IVA: IVA SUJETO EXENTO<\/li>\n<li>CONDICI\u00d3N DE VENTA: OTRA<\/li>\n<li>DETALLE: Pago de honorarios por Contrato Administrativo de Servicios de Colaboraci\u00f3n correspondiente al mes de FEBRERO de 2024.-<\/li>\n<li>MONTO A FACTURAR (PARA PORTEROS): $150.000,00.-<\/li>\n<li>CONFORMACI\u00d3N DE FACTURA: Al dorso de la factura (parte trasera) debe incluir: \u201cART\u00cdCULOS 6\u00b0 Y 11\u00ba LEY N\u00ba 793-A. CL\u00c1USULA CUARTA DEL CONTRATO ADMINISTRATIVO DE SERVICIOS DE COLABORACI\u00d3N\u201d.<\/li>\n<li>San Juan, 29 de febrero de 2024.<\/li>\n<\/ul>\n<p><strong>Presentaci\u00f3n de Seguro:<\/strong><\/p>\n<ul>\n<li>Constancia de pago de febrero 2024. Fotocopia legible con datos del asegurado (nombre y apellido), legalizada en el frente por el directivo. En caso de presentar el comprobante de pago emitido por el seguro, debe tener fecha de febrero 2024. Sin excepci\u00f3n.<\/li>\n<\/ul>\n<p><strong>Contratados con Funciones Administrativas:<\/strong><\/p>\n<ul>\n<li>Deben presentar la factura en la Oficina de Personal Administrativo con el monto correspondiente a cada contrato los d\u00edas 22, 23, 26 de febrero de 2024, en horario de 7:30 a 12:30.<\/li>\n<\/ul>\n<p>Se insta a los interesados a seguir el cronograma establecido para facilitar la organizaci\u00f3n y recepci\u00f3n adecuada de las facturas.<\/p>\n<p>Op: Juan Llarena<\/p>\n<p>La entrada Contratados de Servicios Generales y Administrativos deben Presentar Factura de Febrero se public\u00f3 primero en DIARIO D3 NOTICIAS | SAN JUAN ARGENTINA.<\/p>\n","protected":false},"excerpt":{"rendered":"<p>El Ministerio de Educaci\u00f3n ha emitido un comunicado informando a las personas con Contratos Administrativos de Servicios de Colaboraci\u00f3n sobre el procedimiento para la presentaci\u00f3n de facturas correspondientes al mes de febrero de 2024.<br \/>\n Servicios Generales (Porteros) \u2013 Zonas Alejadas<br \/>\n Las personas contratadas que residen en los departamentos de Calingasta, Iglesia, J\u00e1chal y Valle F\u00e9rtil deben entregar la factura electr\u00f3nica impresa a su director. Este \u00faltimo ser\u00e1 responsable de presentarlas en un sobre en su Unidad de Gesti\u00f3n.<br \/>\n Las facturas electr\u00f3nicas deben ser confeccionadas de la siguiente manera:<br \/>\n FACTURA MES DE FEBRERO 2024:<br \/>\n FECHA DE EMISI\u00d3N: 29\/02\/2024 PERIODO FACTURADO: DESDE EL 01\/02\/2024 Hasta 29\/02\/2024 VENCIMIENTO: 29\/03\/2024 CUIT GOBIERNO DE LA PROVINCIA: 30-99901516-2 CONDICI\u00d3N FRENTE AL IVA: IVA SUJETO EXENTO CONDICI\u00d3N DE VENTA: OTRA DETALLE: Pago de honorarios por Contrato Administrativo de Servicios de Colaboraci\u00f3n correspondiente al mes de FEBRERO de 2024.- MONTO A ..<\/p>\n","protected":false},"author":2,"featured_media":18068,"comment_status":"","ping_status":"","sticky":false,"template":"","format":"standard","meta":{"footnotes":""},"categories":[8],"tags":[],"_links":{"self":[{"href":"https:\/\/maxradio923.com.ar\/index.php\/wp-json\/wp\/v2\/posts\/18067"}],"collection":[{"href":"https:\/\/maxradio923.com.ar\/index.php\/wp-json\/wp\/v2\/posts"}],"about":[{"href":"https:\/\/maxradio923.com.ar\/index.php\/wp-json\/wp\/v2\/types\/post"}],"author":[{"embeddable":true,"href":"https:\/\/maxradio923.com.ar\/index.php\/wp-json\/wp\/v2\/users\/2"}],"replies":[{"embeddable":true,"href":"https:\/\/maxradio923.com.ar\/index.php\/wp-json\/wp\/v2\/comments?post=18067"}],"version-history":[{"count":0,"href":"https:\/\/maxradio923.com.ar\/index.php\/wp-json\/wp\/v2\/posts\/18067\/revisions"}],"wp:featuredmedia":[{"embeddable":true,"href":"https:\/\/maxradio923.com.ar\/index.php\/wp-json\/wp\/v2\/media\/18068"}],"wp:attachment":[{"href":"https:\/\/maxradio923.com.ar\/index.php\/wp-json\/wp\/v2\/media?parent=18067"}],"wp:term":[{"taxonomy":"category","embeddable":true,"href":"https:\/\/maxradio923.com.ar\/index.php\/wp-json\/wp\/v2\/categories?post=18067"},{"taxonomy":"post_tag","embeddable":true,"href":"https:\/\/maxradio923.com.ar\/index.php\/wp-json\/wp\/v2\/tags?post=18067"}],"curies":[{"name":"wp","href":"https:\/\/api.w.org\/{rel}","templated":true}]}}