{"id":18059,"date":"2024-02-20T13:54:52","date_gmt":"2024-02-20T16:54:52","guid":{"rendered":"https:\/\/maxradio923.com.ar\/index.php\/2024\/02\/20\/fernando-ruiz-diaz-lider-de-catupecu-machu-sufrio-un-acv-y-debio-cancelar-su-gira-por-europa\/"},"modified":"2024-02-20T13:55:45","modified_gmt":"2024-02-20T16:55:45","slug":"fernando-ruiz-diaz-lider-de-catupecu-machu-sufrio-un-acv-y-debio-cancelar-su-gira-por-europa","status":"publish","type":"post","link":"https:\/\/maxradio923.com.ar\/index.php\/2024\/02\/20\/fernando-ruiz-diaz-lider-de-catupecu-machu-sufrio-un-acv-y-debio-cancelar-su-gira-por-europa\/","title":{"rendered":"Fernando Ruiz D\u00edaz, l\u00edder de Catupecu Machu, sufri\u00f3 un ACV y debi\u00f3 cancelar su gira por Europa"},"content":{"rendered":"<ul>\n<li>Las redes oficiales del grupo emitieron un comunicado llevando tranquilidad sobre la salud del cantante, guitarrista y compositor.<\/li>\n<\/ul>\n","protected":false},"excerpt":{"rendered":"<p>Las redes oficiales del grupo emitieron un comunicado llevando tranquilidad sobre la salud del cantante, guitarrista y compositor.<\/p>\n","protected":false},"author":2,"featured_media":18072,"comment_status":"closed","ping_status":"","sticky":false,"template":"","format":"standard","meta":{"footnotes":""},"categories":[4],"tags":[],"_links":{"self":[{"href":"https:\/\/maxradio923.com.ar\/index.php\/wp-json\/wp\/v2\/posts\/18059"}],"collection":[{"href":"https:\/\/maxradio923.com.ar\/index.php\/wp-json\/wp\/v2\/posts"}],"about":[{"href":"https:\/\/maxradio923.com.ar\/index.php\/wp-json\/wp\/v2\/types\/post"}],"author":[{"embeddable":true,"href":"https:\/\/maxradio923.com.ar\/index.php\/wp-json\/wp\/v2\/users\/2"}],"replies":[{"embeddable":true,"href":"https:\/\/maxradio923.com.ar\/index.php\/wp-json\/wp\/v2\/comments?post=18059"}],"version-history":[{"count":1,"href":"https:\/\/maxradio923.com.ar\/index.php\/wp-json\/wp\/v2\/posts\/18059\/revisions"}],"predecessor-version":[{"id":18071,"href":"https:\/\/maxradio923.com.ar\/index.php\/wp-json\/wp\/v2\/posts\/18059\/revisions\/18071"}],"wp:featuredmedia":[{"embeddable":true,"href":"https:\/\/maxradio923.com.ar\/index.php\/wp-json\/wp\/v2\/media\/18072"}],"wp:attachment":[{"href":"https:\/\/maxradio923.com.ar\/index.php\/wp-json\/wp\/v2\/media?parent=18059"}],"wp:term":[{"taxonomy":"category","embeddable":true,"href":"https:\/\/maxradio923.com.ar\/index.php\/wp-json\/wp\/v2\/categories?post=18059"},{"taxonomy":"post_tag","embeddable":true,"href":"https:\/\/maxradio923.com.ar\/index.php\/wp-json\/wp\/v2\/tags?post=18059"}],"curies":[{"name":"wp","href":"https:\/\/api.w.org\/{rel}","templated":true}]}}