{"id":18053,"date":"2024-02-20T13:54:24","date_gmt":"2024-02-20T16:54:24","guid":{"rendered":"https:\/\/maxradio923.com.ar\/index.php\/2024\/02\/20\/femicida-de-yanina-perez-ira-12-meses-al-penal-mientras-dure-la-investigacion\/"},"modified":"2024-02-20T13:54:24","modified_gmt":"2024-02-20T16:54:24","slug":"femicida-de-yanina-perez-ira-12-meses-al-penal-mientras-dure-la-investigacion","status":"publish","type":"post","link":"https:\/\/maxradio923.com.ar\/index.php\/2024\/02\/20\/femicida-de-yanina-perez-ira-12-meses-al-penal-mientras-dure-la-investigacion\/","title":{"rendered":"Femicida de Yanina P\u00e9rez ir\u00e1 12 meses al Penal, mientras dure la investigaci\u00f3n"},"content":{"rendered":"<p><img decoding=\"async\" src=\"https:\/\/diariod3.com\/wp-content\/uploads\/2024\/02\/rata1.jpg_1057082476.webp\"\/>   Omar \u00abGuascazo\u00bb P\u00e9rez fue capturado el domingo en la madrugada. <strong>Se mostr\u00f3 soberbio en la audiencia, altanero.<\/strong>    <\/p>\n<figure>\n<figure><img decoding=\"async\" src=\"https:\/\/www.diariodecuyo.com.ar\/__export\/1708438869875\/sites\/diariodecuyo\/img\/2024\/02\/20\/rata.jpg_1536916664.jpg\" alt=\"El femicida de Yanina P\u00e9rez va 12 meses al Penal, mientras dure la investigaci\u00f3n -\"\/><\/figure>\n<\/figure>\n<p>La suerte de de Omar Ariel \u00abGuascazo\u00bb P\u00e9rez (38) parece estar echada. No hay un solo elemento que indique que no fue el responsable de quitarle la vida a plena luz del d\u00eda a Yanina P\u00e9rez en la puerta del cementerio de Angaco, el jueves pasado.<\/p>\n<p>Hay testigos, audios y elementos previos que lo acorralan a este sujeto, que este martes se present\u00f3 a la audiencia de formalizaci\u00f3n con gestos se soberbia, respondiendo las requisitorias del juez con altaner\u00eda.<\/p>\n<p>Un hecho que no pas\u00f3 desapercibido, es que pocas veces se vio tanta presencia policial en la sala de audiencia: 12 efectivos en el interior y uno m\u00e1s en la puerta. Quienes transitan los pasillos de Tribunales no recuerdan tama\u00f1o despliegue.<\/p>\n<figure><img decoding=\"async\" src=\"https:\/\/www.diariodecuyo.com.ar\/export\/sites\/diariodecuyo\/img\/2024\/02\/20\/rata1.jpg_1057082476.jpg\"\/><\/figure>\n<p>Luego de leerse las pruebas recabada por Fiscal\u00eda, que incluy\u00f3 testimonios e im\u00e1genes, el juez de Garant\u00edas resolvi\u00f3 12 meses para cursar la investigaci\u00f3n y que por ese periodo vaya al Penal de Chimbas.<\/p>\n<p>La entrada Femicida de Yanina P\u00e9rez ir\u00e1 12 meses al Penal, mientras dure la investigaci\u00f3n se public\u00f3 primero en DIARIO D3 NOTICIAS | SAN JUAN ARGENTINA.<\/p>\n","protected":false},"excerpt":{"rendered":"<p>Omar \u00abGuascazo\u00bb P\u00e9rez fue capturado el domingo en la madrugada. Se mostr\u00f3 soberbio en la audiencia, altanero. La suerte de de Omar Ariel \u00abGuascazo\u00bb P\u00e9rez (38) parece estar echada. No hay un solo elemento que indique que no fue el responsable de quitarle la vida a plena luz del d\u00eda a Yanina P\u00e9rez en la puerta del cementerio de Angaco, el jueves pasado.<br \/>\n Hay testigos, audios y elementos previos que lo acorralan a este sujeto, que este martes se present\u00f3 a la audiencia de formalizaci\u00f3n con gestos se soberbia, respondiendo las requisitorias del juez con altaner\u00eda.<br \/>\n Un hecho que no pas\u00f3 desapercibido, es que pocas veces se vio tanta presencia policial en la sala de audiencia: 12 efectivos en el interior y uno m\u00e1s en la puerta. Quienes transitan los pasillos de Tribunales no recuerdan tama\u00f1o despliegue.<br \/>\n Luego de leerse las pruebas recabada por Fiscal\u00eda, que incluy\u00f3 testimonios e im\u00e1genes, el juez de Garant\u00edas resolvi\u00f3 12 meses para cursar la investigaci\u00f3n y que por ese periodo vaya al Penal..<\/p>\n","protected":false},"author":2,"featured_media":18054,"comment_status":"","ping_status":"","sticky":false,"template":"","format":"standard","meta":{"footnotes":""},"categories":[8],"tags":[],"_links":{"self":[{"href":"https:\/\/maxradio923.com.ar\/index.php\/wp-json\/wp\/v2\/posts\/18053"}],"collection":[{"href":"https:\/\/maxradio923.com.ar\/index.php\/wp-json\/wp\/v2\/posts"}],"about":[{"href":"https:\/\/maxradio923.com.ar\/index.php\/wp-json\/wp\/v2\/types\/post"}],"author":[{"embeddable":true,"href":"https:\/\/maxradio923.com.ar\/index.php\/wp-json\/wp\/v2\/users\/2"}],"replies":[{"embeddable":true,"href":"https:\/\/maxradio923.com.ar\/index.php\/wp-json\/wp\/v2\/comments?post=18053"}],"version-history":[{"count":0,"href":"https:\/\/maxradio923.com.ar\/index.php\/wp-json\/wp\/v2\/posts\/18053\/revisions"}],"wp:featuredmedia":[{"embeddable":true,"href":"https:\/\/maxradio923.com.ar\/index.php\/wp-json\/wp\/v2\/media\/18054"}],"wp:attachment":[{"href":"https:\/\/maxradio923.com.ar\/index.php\/wp-json\/wp\/v2\/media?parent=18053"}],"wp:term":[{"taxonomy":"category","embeddable":true,"href":"https:\/\/maxradio923.com.ar\/index.php\/wp-json\/wp\/v2\/categories?post=18053"},{"taxonomy":"post_tag","embeddable":true,"href":"https:\/\/maxradio923.com.ar\/index.php\/wp-json\/wp\/v2\/tags?post=18053"}],"curies":[{"name":"wp","href":"https:\/\/api.w.org\/{rel}","templated":true}]}}