{"id":18051,"date":"2024-02-20T13:54:17","date_gmt":"2024-02-20T16:54:17","guid":{"rendered":"https:\/\/maxradio923.com.ar\/index.php\/2024\/02\/20\/el-salario-minimo-sera-de-180-000-en-febrero-y-202-800-en-marzo\/"},"modified":"2024-02-20T13:54:17","modified_gmt":"2024-02-20T16:54:17","slug":"el-salario-minimo-sera-de-180-000-en-febrero-y-202-800-en-marzo","status":"publish","type":"post","link":"https:\/\/maxradio923.com.ar\/index.php\/2024\/02\/20\/el-salario-minimo-sera-de-180-000-en-febrero-y-202-800-en-marzo\/","title":{"rendered":"El Salario M\u00ednimo ser\u00e1 de $180.000 en febrero y $202.800 en marzo"},"content":{"rendered":"<p><img decoding=\"async\" src=\"https:\/\/diariod3.com\/wp-content\/uploads\/2024\/02\/65d4c4e491c17_1200.jpg\"\/><\/p>\n<p>El Gobierno nacional estableci\u00f3 este martes el <strong>Salario M\u00ednimo Vital y M\u00f3vil en $ 180.000 para el mes de febrero y en $ 202.800 para marzo<\/strong>, inform\u00f3 el vocero presidencial Manuel Adorni.<\/p>\n<p>La decisi\u00f3n gubernamental se conoci\u00f3 cinco d\u00edas despu\u00e9s de que fracasara la reuni\u00f3n del Consejo del Salario, donde las centrales obreras hab\u00edan reclamado una suba del 85% que llevara el salario m\u00ednimo a 288.600 pesos.<\/p>\n<p>\u00abComo no se ha logrado que las partes se pongan de acuerdo por el Salario M\u00ednimo, el Gobierno debe laudar y se fij\u00f3 el salario en febrero 180.000 pesos y en marzo en 202.800 pesos\u00bb, destac\u00f3 Adorni en su habitual conferencia de prensa matutina en Casa Rosada.<br \/>El Consejo del Salario, que integran representantes del Gobierno nacional, las c\u00e1maras empresarias y las centrales sindicales, se hab\u00eda reunido el jueves \u00faltimo, pero <strong>no alcanzaron un acuerdo acerca del aumento que deb\u00eda aplicarse al Salario M\u00ednimo<\/strong>.<\/p>\n<p>Tras finalizar el encuentro, la CGT denunci\u00f3 que el Gobierno hab\u00eda hecho \u00abfracasar la reuni\u00f3n\u00bb con el \u00ab\u00fanico objetivo de boicotear cualquier posibilidad de acuerdo\u00bb.<\/p>\n<p>En un comunicado, <strong>la CGT indic\u00f3 que junto a las dos CTA hab\u00eda llevado como propuesta al Consejo \u00abun 85% de aumento sobre el \u00faltimo monto a partir del 1 de febrero\u00bb, lo que fijaba una base salarial en 288.600 pesos.<\/strong><\/p>\n<p>Las c\u00e1maras empresarias rechazaron ese nivel del incremento, indic\u00f3 la CGT, que, sin embargo, no responsabiliz\u00f3 al sector empresario del desacuerdo sino al Gobierno, porque \u00abevit\u00f3 por todos los medios posibles que la reuni\u00f3n se desarrollara con normalidad\u00bb.<\/p>\n<p>\u00abLa irresponsabilidad social puesta de manifiesto por la Secretar\u00eda de Trabajo no hace m\u00e1s que confirmar la absoluta ajenidad del Gobierno frente al drama social que atraviesan los argentinos\u00bb, afirm\u00f3 la CGT.<\/p>\n<p>Ante la falta de acuerdo, el Gobierno dio a conocer, a trav\u00e9s del portavoz presidencial. el nuevo monto del Salario M\u00ednimo.<\/p>\n<p>Adorni dijo que <strong>el Gobierno avala que las paritarias salariales sean \u00ablibres\u00bb entre empleadores y trabajadores, y ante una consulta acerca de si el Gobierno estima que al finalizar el a\u00f1o los salarios le habr\u00e1n ganado a la inflaci\u00f3n, respondi\u00f3 que la puesta en vigencia del DNU 70\/2023, cuestionado en la Justicia por diversos sectores sociales, entre ellos el sindical, y la llamada Ley \u00abBases\u00bb, cuyo tratamiento fracas\u00f3 en la C\u00e1mara de Diputados, eran \u00abpiezas clave para avanzar con celeridad\u00bb hacia ese escenario.<\/strong><\/p>\n<p>Adem\u00e1s, en la conferencia de prensa de hoy, Adorni cuestion\u00f3 las medidas de fuerza anunciadas para los pr\u00f3ximos d\u00edas por distintos gremios en reclamo, principalmente, de aumentos salariales.<\/p>\n<p>\u00abPuedo decir que hubo mucho silencio por muchos a\u00f1os y est\u00e1n despertando ahora. Es dif\u00edcil comprender qu\u00e9 los duerme y qu\u00e9 los despierta a los gremios\u00bb, sostuvo el vocero presidencial.<\/p>\n<p>Los maquinistas de La Fraternidad convocaron para ma\u00f1ana un paro nacional, en tanto el gremio de la Sanidad anunci\u00f3 una medida de fuerza tambi\u00e9n a nivel nacional para este jueves.<\/p>\n<h2>Malvinas<\/h2>\n<p>Adorni afirm\u00f3 este martes que el viaje del ministro de Relaciones Exteriores brit\u00e1nico, <strong>David Cameron<\/strong>, a las islas <strong>Malvinas es \u00abun tema de agenda\u00bb de ese funcionario y del Reino Unido, al tiempo que se\u00f1al\u00f3 que Gobierno de Javier Milei reafirma los derechos de soberan\u00eda sobre el archipi\u00e9lago.<\/strong><\/p>\n<p>El lunes, el ex primer ministro brit\u00e1nico lleg\u00f3 a Puerto Argentino y afirm\u00f3 que las islas seguir\u00e1n bajo administraci\u00f3n del Reino Unido \u201cmucho tiempo, posiblemente para siempre\u201d, al tiempo que respald\u00f3 la autodeterminaci\u00f3n de los isle\u00f1os para mantenerse dentro de la \u00f3rbita de Londres, una pol\u00edtica en franca oposici\u00f3n a las resoluciones de Naciones Unidas.<\/p>\n<p>Consultado al respecto, en su habitual conferencia de prensa en Casa Rosada, Adorni dijo que la visita de Cameron es parte de la \u00abagenda de otros pa\u00edses\u00bb.<\/p>\n<p>\u00abLa visita de David Cameron a Malvinas es un tema de agenda de David Cameron y en tal caso del Gobierno ingl\u00e9s. No tenemos por qu\u00e9 opinar sobre la agenda de otros pa\u00edses. Naturalmente reafirmamos nuestros derechos de soberan\u00eda en las Islas Malvinas y as\u00ed seguir\u00e1 ocurriendo, como es el deseo de todos los argentinos\u00bb, respondi\u00f3 el portavoz.<\/p>\n<p>Seg\u00fan confirmaron en Casa Rosada, <strong>la Canciller\u00eda argentina decidi\u00f3 no emitir comunicado oficial sobre la presencia de Cameron en las islas.<\/strong><\/p>\n<p>Respecto a la posibilidad de que la cuesti\u00f3n sea parte de un futuro di\u00e1logo entre la canciller Diana Mondino y Cameron en la reuni\u00f3n del G20 que se desarrollar\u00e1 en Brasil entre mi\u00e9rcoles y jueves de esta semana, Adorni dijo que, en todo caso, \u00aben su momento\u00bb, el Palacio San Mart\u00edn \u00abformular\u00e1 alg\u00fan tipo de comunicaci\u00f3n respecto al tema\u00bb.<\/p>\n<p>El expremier brit\u00e1nico se reuni\u00f3 con el presidente Milei a mediados de enero, durante el Foro Econ\u00f3mico de Davos.<\/p>\n<p>En esa ocasi\u00f3n se habl\u00f3 de \u00abuna reuni\u00f3n excelente, muy cordial\u00bb para \u00abpromover las inversiones inglesas en Argentina\u00bb, y Milei dijo en esa oportunidad que \u00abno avanzaron en profundidad\u00bb sobre la causa Malvinas.<\/p>\n<p>\u00abNo avanzamos en profundidad, s\u00ed lo fijamos como un punto en una agenda donde nuestra canciller Diana Mondino y el secretario de Relaciones avanzar\u00e1n en buscar una soluci\u00f3n al tema\u00bb, asegur\u00f3 el mandatario, seg\u00fan confirmaron por entonces fuentes oficiales.<\/p>\n<p><strong>Cameron reiter\u00f3 el planteo brit\u00e1nico de apoyo a la autodeterminaci\u00f3n de los isle\u00f1os<\/strong>: \u201cMientras quieran ser parte del Reino Unido son absolutamente bienvenidos y los apoyaremos y ayudaremos a protegerlos y defenderlos absolutamente, en lo que a m\u00ed respecta, por el tiempo que quieran\u00bb, expres\u00f3 desde las islas.<\/p>\n<p>En forma reiterada, las resoluciones de la ONU calificaron a la cuesti\u00f3n Malvinas como una situaci\u00f3n colonial por parte de Gran Breta\u00f1a, instaron a la negociaci\u00f3n entre las partes, y expresaron que deben ser tenidos en cuenta los intereses de los habitantes de las islas, y no sus deseos, excluyendo la aplicaci\u00f3n de la libre determinaci\u00f3n para este caso en particular.<\/p>\n<p>Fuente: T\u00e9lam<br \/>\nRivero Cecilia<\/p>\n<p>La entrada <a href=\"https:\/\/diariod3.com\/el-salario-minimo-sera-de-180-000-en-febrero-y-202-800-en-marzo\/\" rel=\"noreferrer noopener\" target=\"_blank\">El Salario M\u00ednimo ser\u00e1 de $180.000 en febrero y $202.800 en marzo<\/a> se public\u00f3 primero en <a href=\"https:\/\/diariod3.com\/\" rel=\"noreferrer noopener\" target=\"_blank\">DIARIO D3 NOTICIAS | SAN JUAN ARGENTINA<\/a>.<\/p>\n","protected":false},"excerpt":{"rendered":"<p>El Gobierno nacional estableci\u00f3 este martes el Salario M\u00ednimo Vital y M\u00f3vil en $ 180.000 para el mes de febrero y en $ 202.800 para marzo, inform\u00f3 el vocero presidencial Manuel Adorni.<\/p>\n<p>La decisi\u00f3n gubernamental se conoci\u00f3 cinco d\u00edas despu\u00e9s de que fracasara la reuni\u00f3n del Consejo del Salario, donde las centrales obreras hab\u00edan reclamado una suba del 85% que llevara el salario m\u00ednimo a 288.600 pesos.<\/p>\n<p>\u00abComo no se ha logrado que las partes se pongan de acuerdo por el Salario M\u00ednimo, el Gobierno debe laudar y se fij\u00f3 el salario en febrero 180.000 pesos y en marzo en 202.800 pesos\u00bb, destac\u00f3 Adorni en su habitual conferencia de prensa matutina en Casa Rosada.<br \/>\nEl Consejo del Salario, que integran representantes del Gobierno nacional, las c\u00e1maras empresarias y las centrales sindicales, se hab\u00eda reunido el jueves \u00faltimo, pero no alcanzaron un acuerdo acerca del aumento que deb\u00eda aplicarse al Salario M\u00ednimo.<\/p>\n<p>Tras finalizar el encuentro, la CGT denunci\u00f3 que el Gobierno hab\u00eda hecho \u00abfracasar la..<\/p>\n","protected":false},"author":2,"featured_media":18052,"comment_status":"","ping_status":"","sticky":false,"template":"","format":"standard","meta":{"footnotes":""},"categories":[12],"tags":[],"_links":{"self":[{"href":"https:\/\/maxradio923.com.ar\/index.php\/wp-json\/wp\/v2\/posts\/18051"}],"collection":[{"href":"https:\/\/maxradio923.com.ar\/index.php\/wp-json\/wp\/v2\/posts"}],"about":[{"href":"https:\/\/maxradio923.com.ar\/index.php\/wp-json\/wp\/v2\/types\/post"}],"author":[{"embeddable":true,"href":"https:\/\/maxradio923.com.ar\/index.php\/wp-json\/wp\/v2\/users\/2"}],"replies":[{"embeddable":true,"href":"https:\/\/maxradio923.com.ar\/index.php\/wp-json\/wp\/v2\/comments?post=18051"}],"version-history":[{"count":0,"href":"https:\/\/maxradio923.com.ar\/index.php\/wp-json\/wp\/v2\/posts\/18051\/revisions"}],"wp:featuredmedia":[{"embeddable":true,"href":"https:\/\/maxradio923.com.ar\/index.php\/wp-json\/wp\/v2\/media\/18052"}],"wp:attachment":[{"href":"https:\/\/maxradio923.com.ar\/index.php\/wp-json\/wp\/v2\/media?parent=18051"}],"wp:term":[{"taxonomy":"category","embeddable":true,"href":"https:\/\/maxradio923.com.ar\/index.php\/wp-json\/wp\/v2\/categories?post=18051"},{"taxonomy":"post_tag","embeddable":true,"href":"https:\/\/maxradio923.com.ar\/index.php\/wp-json\/wp\/v2\/tags?post=18051"}],"curies":[{"name":"wp","href":"https:\/\/api.w.org\/{rel}","templated":true}]}}