{"id":18049,"date":"2024-02-20T13:54:17","date_gmt":"2024-02-20T16:54:17","guid":{"rendered":"https:\/\/maxradio923.com.ar\/index.php\/2024\/02\/20\/el-gobierno-evalua-declarar-la-educacion-como-servicio-esencial\/"},"modified":"2024-02-20T13:54:17","modified_gmt":"2024-02-20T16:54:17","slug":"el-gobierno-evalua-declarar-la-educacion-como-servicio-esencial","status":"publish","type":"post","link":"https:\/\/maxradio923.com.ar\/index.php\/2024\/02\/20\/el-gobierno-evalua-declarar-la-educacion-como-servicio-esencial\/","title":{"rendered":"El Gobierno eval\u00faa declarar la educaci\u00f3n como servicio esencial"},"content":{"rendered":"<p><img decoding=\"async\" src=\"https:\/\/diariod3.com\/wp-content\/uploads\/2024\/01\/escuela-clases-colegio-alumnos-estudiantes-aulajpgwebp-768x432-1.webp\"\/><\/p>\n<p>El Gobierno nacional confirm\u00f3 hoy que eval\u00faa declarar la educaci\u00f3n como un servicio esencial, algo que estaba incluido en el Decreto de Necesidad y Urgencia 70\/2023 que firm\u00f3 el presidente Javier Milei a los pocos d\u00edas de asumir, pero que fue suspendido por la Justicia.<\/p>\n<p>\u201cSe ha tomado la decisi\u00f3n de comenzar con la evaluaci\u00f3n para declarar la educaci\u00f3n como servicio esencial\u201d, dijo hoy el vocero presidencial, Manuel Adorni, durante su conferencia de prensa habitual, sin dar mayores precisiones.<\/p>\n<p>El DNU 70\/2023 hab\u00eda modificado la ley laboral argentina y hab\u00eda incluido a la educaci\u00f3n como \u201cservicio esencial\u201d, lo que limitaba el derecho a huelga.<\/p>\n<p>El art\u00edculo 97 de esa norma establece que se considerar\u00e1 como \u201cservicio esencial\u201d, entre otros, a la educaci\u00f3n de nivel inicial, primaria y secundaria, as\u00ed como los servicios de cuidado de menores y la educaci\u00f3n especial. La medida se ha discutido en el pasado como un mecanismo para garantizar el derecho a la educaci\u00f3n frente a la prolongaci\u00f3n de medidas de fuerza, sobre todo en algunas provincias que han tenido conflictos docentes muy largos en los \u00faltimos a\u00f1os, pero tambi\u00e9n genera fuertes resistencias porque limita el derecho a huelga.<\/p>\n<p>La decisi\u00f3n de Milei implica una restricci\u00f3n sobre los paros docentes: establece que, frente a un conflicto colectivo que afecte los servicios considerados esenciales, en ning\u00fan caso se podr\u00e1 \u201cnegociar o imponer a las partes una cobertura menor al setenta y cinco por ciento (75%) de la prestaci\u00f3n normal del servicio de que se tratare\u201d. Es decir: en una escuela, por ejemplo, no podr\u00e1n adherir a una medida de fuerza m\u00e1s de 1 de cada 4 docentes.<\/p>\n<p>El DNU modifica el art\u00edculo 24 de la Ley N\u00b0 25.877 del r\u00e9gimen laboral argentino, que hasta ahora solo consideraba como esenciales los servicios sanitarios y hospitalarios, la producci\u00f3n y distribuci\u00f3n de agua potable, energ\u00eda el\u00e9ctrica y gas y el control del tr\u00e1fico a\u00e9reo. La ley argentina establece que \u201ccuando por un conflicto de trabajo alguna de las partes decidiera la adopci\u00f3n de medidas leg\u00edtimas de acci\u00f3n directa que involucren actividades que puedan ser consideradas servicios esenciales, deber\u00e1 garantizar la prestaci\u00f3n de servicios m\u00ednimos para evitar su interrupci\u00f3n\u201d.<\/p>\n<p>Sin embargo, la Justicia declar\u00f3 inconstitucional ese apartado del DNU tras una presentaci\u00f3n de la CGT, por lo que no est\u00e1 en vigencia. A fines de enero, la Sala de Feria de la C\u00e1mara del Trabajo resolvi\u00f3 el amparo planteado por la CGT y determin\u00f3 que el cap\u00edtulo 4 del DNU 70\/2023 de Javier Milei es inconstitucional. Sostuvieron que este tipo de reformas deben analizarse y debatirse en el Congreso. La decisi\u00f3n alcanza a los art\u00edculos vinculados a la reforma laboral que impulsa el gobierno nacional. El fallo, al que accedi\u00f3 Infobae, fue firmado por los jueces Manuel Diez Selva, H\u00e9ctor Guisado y Mario Fera, que -de esta manera- rechazaron la apelaci\u00f3n que hab\u00eda hecho el Ejecutivo para dejar en pie el decreto en su tramo laboral. Se descuenta que el Gobierno apelar\u00e1 a trav\u00e9s de un recurso extraordinario ante la Corte Suprema.<\/p>\n<p>\u201cNo se registraba impedimento para la reuni\u00f3n de las c\u00e1maras del Congreso, e incluso el 27 de diciembre de 2023, es decir, con anterioridad a la fecha de entrada en vigencia del DNU 70\/2023, el \u00f3rgano legislativo se encontraba convocado, en funciones, y con facultades para examinar el contenido de las reformas propiciadas en dicho DNU\u201d, se sostuvo en el fallo.<\/p>\n<p>La CGT reclam\u00f3 la inconstitucionalidad de la reforma laboral que fij\u00f3 el decreto en la \u00faltima semana del 2023, en el marco de una movilizaci\u00f3n que hizo al Palacio de Tribunales. En ese momento, el juez laboral Jos\u00e9 Ignacio Ramonet rechaz\u00f3 hacer lugar a una \u201cmedida cautelar interina\u201d contra el DNU por el solo hecho de que para ese momento no hab\u00eda entrado en vigencia, pero se declar\u00f3 competente, le dio tres d\u00edas al Estado para que conteste el amparo y hasta detall\u00f3 qui\u00e9nes eran las autoridades de su fuero en enero para pedir la habilitaci\u00f3n de feria, en una clara se\u00f1al de intentar resolver con premura.<\/p>\n<h2>Adorni cuestion\u00f3 el paro de trenes y culp\u00f3 al Gobierno de Alberto Fern\u00e1ndez por la invasi\u00f3n de mosquitos<\/h2>\n<p>Entre otras cosas, durante su habitual conferencia de prensa brindada en la Casa Rosada, el vocero presidencial fue consultado sobre el paro de trenes que el gremio La Fraternidad realizar\u00e1 este mi\u00e9rcoles.<\/p>\n<p>\u201cArgentina sale adelante trabajando y los problemas que tiene hoy Argentina, en un 100% son heredados de una pol\u00edtica que ha destrozado la Argentina. Respetamos todas las medidas de fuerza y cualquier tipo de manifestaci\u00f3n, los sindicatos est\u00e1n dentro de aquellos a quienes respetamos como tales, m\u00e1s all\u00e1 de que nos cuesta comprender el por qu\u00e9 de tanta sa\u00f1a con un Gobierno que tiene pocas semanas de gesti\u00f3n\u201d, dijo Adorni.<\/p>\n<p>\u201cBuena parte de los argentinos entiende que el desastre que hemos heredado ha sido may\u00fasculo. Dentro del marco de respetar que hay gente que no opina como nosotros y tal vez est\u00e1 en contra de lo que estamos haciendo, en este contexto de la Argentina, y adem\u00e1s de un mont\u00f3n de gente que necesita llegar a sus trabajo y ganarse el mango, nos parece un absoluto desprop\u00f3sito\u201d, a\u00f1adi\u00f3.<\/p>\n<p>Adorni tambi\u00e9n habl\u00f3 de la invasi\u00f3n de mosquitos que sufren algunas localidades del AMBA, y tuvo una particular mirada: seg\u00fan el funcionario, la responsabilidad de lo que ocurre es del Gobierno de Alberto Fern\u00e1ndez.<\/p>\n<p>\u201cNo queremos que se pierda de vista que gran parte de este problema se da por la responsabilidad que se tuvo en el fracaso o en las pol\u00edticas de prevenci\u00f3n que se han realizado durante el a\u00f1o pasado. La tarea de prevenci\u00f3n y difusi\u00f3n de qu\u00e9 es el dengue no estuvieron bien implementadas. Se jactaban muchos de haber tenido como logro que Salud sea ministerio, recordamos el c\u00e1ntico \u2018tenemos ministerio\u2019. Sin embargo, en la gesti\u00f3n, evidentemente el ministerio brillaba por su ausencia. M\u00e1s all\u00e1 de los factores clim\u00e1ticos, los mosquitos tienen un ciclo y las acciones para enviar los criaderos tienen que darse con anterioridad\u201d, explic\u00f3 Adorni.<\/p>\n<p>Fuente: Infobae<\/p>\n<p>Rivero Cecilia<\/p>\n<p>La entrada <a href=\"https:\/\/diariod3.com\/el-gobierno-evalua-declarar-la-educacion-como-servicio-esencial\/\" rel=\"noreferrer noopener\" target=\"_blank\">El Gobierno eval\u00faa declarar la educaci\u00f3n como servicio esencial<\/a> se public\u00f3 primero en <a href=\"https:\/\/diariod3.com\/\" rel=\"noreferrer noopener\" target=\"_blank\">DIARIO D3 NOTICIAS | SAN JUAN ARGENTINA<\/a>.<\/p>\n","protected":false},"excerpt":{"rendered":"<p>El Gobierno nacional confirm\u00f3 hoy que eval\u00faa declarar la educaci\u00f3n como un servicio esencial, algo que estaba incluido en el Decreto de Necesidad y Urgencia 70\/2023 que firm\u00f3 el presidente Javier Milei a los pocos d\u00edas de asumir, pero que fue suspendido por la Justicia.<\/p>\n<p>\u201cSe ha tomado la decisi\u00f3n de comenzar con la evaluaci\u00f3n para declarar la educaci\u00f3n como servicio esencial\u201d, dijo hoy el vocero presidencial, Manuel Adorni, durante su conferencia de prensa habitual, sin dar mayores precisiones.<\/p>\n<p>El DNU 70\/2023 hab\u00eda modificado la ley laboral argentina y hab\u00eda incluido a la educaci\u00f3n como \u201cservicio esencial\u201d, lo que limitaba el derecho a huelga.<\/p>\n<p>El art\u00edculo 97 de esa norma establece que se considerar\u00e1 como \u201cservicio esencial\u201d, entre otros, a la educaci\u00f3n de nivel inicial, primaria y secundaria, as\u00ed como los servicios de cuidado de menores y la educaci\u00f3n especial. La medida se ha discutido en el pasado como un mecanismo para garantizar el derecho a la educaci\u00f3n frente a la prolongaci\u00f3n ..<\/p>\n","protected":false},"author":2,"featured_media":18050,"comment_status":"","ping_status":"","sticky":false,"template":"","format":"standard","meta":{"footnotes":""},"categories":[12],"tags":[],"_links":{"self":[{"href":"https:\/\/maxradio923.com.ar\/index.php\/wp-json\/wp\/v2\/posts\/18049"}],"collection":[{"href":"https:\/\/maxradio923.com.ar\/index.php\/wp-json\/wp\/v2\/posts"}],"about":[{"href":"https:\/\/maxradio923.com.ar\/index.php\/wp-json\/wp\/v2\/types\/post"}],"author":[{"embeddable":true,"href":"https:\/\/maxradio923.com.ar\/index.php\/wp-json\/wp\/v2\/users\/2"}],"replies":[{"embeddable":true,"href":"https:\/\/maxradio923.com.ar\/index.php\/wp-json\/wp\/v2\/comments?post=18049"}],"version-history":[{"count":0,"href":"https:\/\/maxradio923.com.ar\/index.php\/wp-json\/wp\/v2\/posts\/18049\/revisions"}],"wp:featuredmedia":[{"embeddable":true,"href":"https:\/\/maxradio923.com.ar\/index.php\/wp-json\/wp\/v2\/media\/18050"}],"wp:attachment":[{"href":"https:\/\/maxradio923.com.ar\/index.php\/wp-json\/wp\/v2\/media?parent=18049"}],"wp:term":[{"taxonomy":"category","embeddable":true,"href":"https:\/\/maxradio923.com.ar\/index.php\/wp-json\/wp\/v2\/categories?post=18049"},{"taxonomy":"post_tag","embeddable":true,"href":"https:\/\/maxradio923.com.ar\/index.php\/wp-json\/wp\/v2\/tags?post=18049"}],"curies":[{"name":"wp","href":"https:\/\/api.w.org\/{rel}","templated":true}]}}