{"id":18047,"date":"2024-02-20T13:54:03","date_gmt":"2024-02-20T16:54:03","guid":{"rendered":"https:\/\/maxradio923.com.ar\/index.php\/2024\/02\/20\/encendido-reclamo-en-calingasta-osse-asegura-que-falta-agua-por-uso-indebido-de-los-vecinos\/"},"modified":"2024-02-20T13:54:03","modified_gmt":"2024-02-20T16:54:03","slug":"encendido-reclamo-en-calingasta-osse-asegura-que-falta-agua-por-uso-indebido-de-los-vecinos","status":"publish","type":"post","link":"https:\/\/maxradio923.com.ar\/index.php\/2024\/02\/20\/encendido-reclamo-en-calingasta-osse-asegura-que-falta-agua-por-uso-indebido-de-los-vecinos\/","title":{"rendered":"Encendido Reclamo en Calingasta: OSSE Asegura que Falta Agua por Uso Indebido de los Vecinos"},"content":{"rendered":"\n<p>Alrededor de 400 familias se encuentran afectadas por la escasez de agua y no han recibido una soluci\u00f3n satisfactoria hasta la fecha. A pesar de los esfuerzos de Obras Sanitarias Sociedad del Estado (OSSE) durante el fin de semana para restablecer el servicio, el problema persiste.<\/p>\n<p>Los residentes culpan a OSSE por la falta de contenci\u00f3n y sienten que han sido abandonados por el Estado, ya que no han recibido respuestas efectivas. Aunque OSSE conect\u00f3 una nueva fuente de alimentaci\u00f3n, la perforaci\u00f3n ubicada en el hotel Alto Calingasta, para restablecer el servicio, la situaci\u00f3n no ha mejorado significativamente.<\/p>\n<p>Seg\u00fan Jos\u00e9 Luis Beltr\u00e1n, presidente de OSSE, el servicio es normal durante la noche, pero se ve afectado durante el d\u00eda debido al derroche de agua por parte de la comunidad desde que se restableci\u00f3 el flujo. A pesar de los esfuerzos de la empresa estatal, el problema persiste y la comunidad exige soluciones inmediatas para abordar la escasez de agua que afecta a cientos de familias en Calingasta.<\/p>\n<p>Op: Juan Llarena<\/p>\n","protected":false},"excerpt":{"rendered":"<p>Alrededor de 400 familias se encuentran afectadas por la escasez de agua y no han recibido una soluci\u00f3n satisfactoria hasta la fecha. A pesar de los esfuerzos de Obras Sanitarias Sociedad del Estado (OSSE) durante el fin de semana para restablecer el servicio, el problema persiste.<br \/>\n Los residentes culpan a OSSE por la falta de contenci\u00f3n y sienten que han sido abandonados por el Estado, ya que no han recibido respuestas efectivas. Aunque OSSE conect\u00f3 una nueva fuente de alimentaci\u00f3n, la perforaci\u00f3n ubicada en el hotel Alto Calingasta, para restablecer el servicio, la situaci\u00f3n no ha mejorado significativamente.<br \/>\n Seg\u00fan Jos\u00e9 Luis Beltr\u00e1n, presidente de OSSE, el servicio es normal durante la noche, pero se ve afectado durante el d\u00eda debido al derroche de agua por parte de la comunidad desde que se restableci\u00f3 el flujo. A pesar de los esfuerzos de la empresa estatal, el problema persiste y la comunidad exige soluciones inmediatas para abordar la escasez de agua que afecta a cientos de fami..<\/p>\n","protected":false},"author":2,"featured_media":18048,"comment_status":"","ping_status":"","sticky":false,"template":"","format":"standard","meta":{"footnotes":""},"categories":[5],"tags":[],"_links":{"self":[{"href":"https:\/\/maxradio923.com.ar\/index.php\/wp-json\/wp\/v2\/posts\/18047"}],"collection":[{"href":"https:\/\/maxradio923.com.ar\/index.php\/wp-json\/wp\/v2\/posts"}],"about":[{"href":"https:\/\/maxradio923.com.ar\/index.php\/wp-json\/wp\/v2\/types\/post"}],"author":[{"embeddable":true,"href":"https:\/\/maxradio923.com.ar\/index.php\/wp-json\/wp\/v2\/users\/2"}],"replies":[{"embeddable":true,"href":"https:\/\/maxradio923.com.ar\/index.php\/wp-json\/wp\/v2\/comments?post=18047"}],"version-history":[{"count":0,"href":"https:\/\/maxradio923.com.ar\/index.php\/wp-json\/wp\/v2\/posts\/18047\/revisions"}],"wp:featuredmedia":[{"embeddable":true,"href":"https:\/\/maxradio923.com.ar\/index.php\/wp-json\/wp\/v2\/media\/18048"}],"wp:attachment":[{"href":"https:\/\/maxradio923.com.ar\/index.php\/wp-json\/wp\/v2\/media?parent=18047"}],"wp:term":[{"taxonomy":"category","embeddable":true,"href":"https:\/\/maxradio923.com.ar\/index.php\/wp-json\/wp\/v2\/categories?post=18047"},{"taxonomy":"post_tag","embeddable":true,"href":"https:\/\/maxradio923.com.ar\/index.php\/wp-json\/wp\/v2\/tags?post=18047"}],"curies":[{"name":"wp","href":"https:\/\/api.w.org\/{rel}","templated":true}]}}