{"id":18045,"date":"2024-02-20T13:54:02","date_gmt":"2024-02-20T16:54:02","guid":{"rendered":"https:\/\/maxradio923.com.ar\/index.php\/2024\/02\/20\/ciudad-y-provincia-acuerdan-la-presencia-de-monitores-urbanos-en-establecimientos-educativos\/"},"modified":"2024-02-20T13:54:02","modified_gmt":"2024-02-20T16:54:02","slug":"ciudad-y-provincia-acuerdan-la-presencia-de-monitores-urbanos-en-establecimientos-educativos","status":"publish","type":"post","link":"https:\/\/maxradio923.com.ar\/index.php\/2024\/02\/20\/ciudad-y-provincia-acuerdan-la-presencia-de-monitores-urbanos-en-establecimientos-educativos\/","title":{"rendered":"Ciudad y Provincia acuerdan la presencia de Monitores Urbanos en Establecimientos Educativos"},"content":{"rendered":"\n<p>La firma del acta complementaria se realiz\u00f3 con el objetivo de establecer las pautas y condiciones para implementar el servicio de Monitores Urbanos en instituciones educativas del Ministerio de Educaci\u00f3n ubicadas en la Ciudad de San Juan. Estos agentes municipales se encargar\u00e1n de ordenar el tr\u00e1nsito, brindar seguridad y ofrecer asistencia ciudadana en el ingreso y egreso de los estudiantes.<\/p>\n<p>Este acuerdo refleja el compromiso conjunto de la gesti\u00f3n de la Dra. Susana Laciar y el Ministerio de Educaci\u00f3n de promover entornos escolares seguros y din\u00e1micos. Los Monitores Urbanos jugar\u00e1n un papel esencial en la prevenci\u00f3n, el ordenamiento, control y seguridad del tr\u00e1nsito, as\u00ed como en la asistencia ciudadana en las inmediaciones de las escuelas.<\/p>\n<p>La firma de esta acta complementaria destaca el compromiso de ambas partes para abordar las necesidades integrales de las instituciones educativas, reconociendo la importancia de la seguridad y el bienestar como pilares fundamentales para el desarrollo acad\u00e9mico y personal de los estudiantes.<\/p>\n<p>Op: Juan Llarena<\/p>\n","protected":false},"excerpt":{"rendered":"<p>La firma del acta complementaria se realiz\u00f3 con el objetivo de establecer las pautas y condiciones para implementar el servicio de Monitores Urbanos en instituciones educativas del Ministerio de Educaci\u00f3n ubicadas en la Ciudad de San Juan. Estos agentes municipales se encargar\u00e1n de ordenar el tr\u00e1nsito, brindar seguridad y ofrecer asistencia ciudadana en el ingreso y egreso de los estudiantes.<br \/>\n Este acuerdo refleja el compromiso conjunto de la gesti\u00f3n de la Dra. Susana Laciar y el Ministerio de Educaci\u00f3n de promover entornos escolares seguros y din\u00e1micos. Los Monitores Urbanos jugar\u00e1n un papel esencial en la prevenci\u00f3n, el ordenamiento, control y seguridad del tr\u00e1nsito, as\u00ed como en la asistencia ciudadana en las inmediaciones de las escuelas.<br \/>\n La firma de esta acta complementaria destaca el compromiso de ambas partes para abordar las necesidades integrales de las instituciones educativas, reconociendo la importancia de la seguridad y el bienestar como pilares fundamentales para el desar..<\/p>\n","protected":false},"author":2,"featured_media":18046,"comment_status":"","ping_status":"","sticky":false,"template":"","format":"standard","meta":{"footnotes":""},"categories":[5],"tags":[],"_links":{"self":[{"href":"https:\/\/maxradio923.com.ar\/index.php\/wp-json\/wp\/v2\/posts\/18045"}],"collection":[{"href":"https:\/\/maxradio923.com.ar\/index.php\/wp-json\/wp\/v2\/posts"}],"about":[{"href":"https:\/\/maxradio923.com.ar\/index.php\/wp-json\/wp\/v2\/types\/post"}],"author":[{"embeddable":true,"href":"https:\/\/maxradio923.com.ar\/index.php\/wp-json\/wp\/v2\/users\/2"}],"replies":[{"embeddable":true,"href":"https:\/\/maxradio923.com.ar\/index.php\/wp-json\/wp\/v2\/comments?post=18045"}],"version-history":[{"count":0,"href":"https:\/\/maxradio923.com.ar\/index.php\/wp-json\/wp\/v2\/posts\/18045\/revisions"}],"wp:featuredmedia":[{"embeddable":true,"href":"https:\/\/maxradio923.com.ar\/index.php\/wp-json\/wp\/v2\/media\/18046"}],"wp:attachment":[{"href":"https:\/\/maxradio923.com.ar\/index.php\/wp-json\/wp\/v2\/media?parent=18045"}],"wp:term":[{"taxonomy":"category","embeddable":true,"href":"https:\/\/maxradio923.com.ar\/index.php\/wp-json\/wp\/v2\/categories?post=18045"},{"taxonomy":"post_tag","embeddable":true,"href":"https:\/\/maxradio923.com.ar\/index.php\/wp-json\/wp\/v2\/tags?post=18045"}],"curies":[{"name":"wp","href":"https:\/\/api.w.org\/{rel}","templated":true}]}}