{"id":1804,"date":"2023-09-05T02:04:06","date_gmt":"2023-09-05T00:04:06","guid":{"rendered":"https:\/\/maxradio923.com\/index.php\/2023\/09\/05\/caetano-veloso-fue-distinguido-en-salamanca-como-doctor-honoris-causa\/"},"modified":"2023-09-05T14:14:13","modified_gmt":"2023-09-05T12:14:13","slug":"caetano-veloso-fue-distinguido-en-salamanca-como-doctor-honoris-causa","status":"publish","type":"post","link":"https:\/\/maxradio923.com.ar\/index.php\/2023\/09\/05\/caetano-veloso-fue-distinguido-en-salamanca-como-doctor-honoris-causa\/","title":{"rendered":"Caetano Veloso fue distinguido en Salamanca como doctor honoris causa"},"content":{"rendered":"<ul>\n<li>El artista brasile\u00f1o, de 81 a\u00f1os, cant\u00f3 durante la ceremonia.<\/li>\n<li>Otros compatriotas suyos, como Lula da Silva, ya lo hab\u00edan recibido.<\/li>\n<\/ul>\n","protected":false},"excerpt":{"rendered":"<p>El artista brasile\u00f1o, de 81 a\u00f1os, cant\u00f3 durante la ceremonia. Otros compatriotas suyos, como Lula da Silva, ya lo hab\u00edan recibido.<\/p>\n","protected":false},"author":2,"featured_media":1858,"comment_status":"closed","ping_status":"","sticky":false,"template":"","format":"standard","meta":{"footnotes":""},"categories":[4],"tags":[],"_links":{"self":[{"href":"https:\/\/maxradio923.com.ar\/index.php\/wp-json\/wp\/v2\/posts\/1804"}],"collection":[{"href":"https:\/\/maxradio923.com.ar\/index.php\/wp-json\/wp\/v2\/posts"}],"about":[{"href":"https:\/\/maxradio923.com.ar\/index.php\/wp-json\/wp\/v2\/types\/post"}],"author":[{"embeddable":true,"href":"https:\/\/maxradio923.com.ar\/index.php\/wp-json\/wp\/v2\/users\/2"}],"replies":[{"embeddable":true,"href":"https:\/\/maxradio923.com.ar\/index.php\/wp-json\/wp\/v2\/comments?post=1804"}],"version-history":[{"count":0,"href":"https:\/\/maxradio923.com.ar\/index.php\/wp-json\/wp\/v2\/posts\/1804\/revisions"}],"wp:featuredmedia":[{"embeddable":true,"href":"https:\/\/maxradio923.com.ar\/index.php\/wp-json\/wp\/v2\/media\/1858"}],"wp:attachment":[{"href":"https:\/\/maxradio923.com.ar\/index.php\/wp-json\/wp\/v2\/media?parent=1804"}],"wp:term":[{"taxonomy":"category","embeddable":true,"href":"https:\/\/maxradio923.com.ar\/index.php\/wp-json\/wp\/v2\/categories?post=1804"},{"taxonomy":"post_tag","embeddable":true,"href":"https:\/\/maxradio923.com.ar\/index.php\/wp-json\/wp\/v2\/tags?post=1804"}],"curies":[{"name":"wp","href":"https:\/\/api.w.org\/{rel}","templated":true}]}}