{"id":17992,"date":"2024-02-19T10:07:57","date_gmt":"2024-02-19T13:07:57","guid":{"rendered":"https:\/\/maxradio923.com.ar\/index.php\/2024\/02\/19\/juegan-con-la-mesa-de-los-argentinos-cristina-kirchner-cuestiono-los-dichos-de-milei-sobre-el-aumento-de-la-pobreza-y-apunto-a-macri\/"},"modified":"2024-02-19T10:07:57","modified_gmt":"2024-02-19T13:07:57","slug":"juegan-con-la-mesa-de-los-argentinos-cristina-kirchner-cuestiono-los-dichos-de-milei-sobre-el-aumento-de-la-pobreza-y-apunto-a-macri","status":"publish","type":"post","link":"https:\/\/maxradio923.com.ar\/index.php\/2024\/02\/19\/juegan-con-la-mesa-de-los-argentinos-cristina-kirchner-cuestiono-los-dichos-de-milei-sobre-el-aumento-de-la-pobreza-y-apunto-a-macri\/","title":{"rendered":"&#8220;Juegan con la mesa de los argentinos&#8221;, Cristina Kirchner cuestion\u00f3 los dichos de Milei sobre el aumento de la pobreza y apunt\u00f3 a Macri"},"content":{"rendered":"<ul>\n<li>La expresidenta respondi\u00f3 a los dichos del libertario, quien acus\u00f3 a la &quot;casta&quot; por el fuerte incremento de la pobreza. <\/li>\n<li>La exmandataria tambi\u00e9n sostuvo que &quot;el punto de partida&quot; de este incremento ocurri\u00f3 durante el gobierno de Cambiemos.<\/li>\n<\/ul>\n","protected":false},"excerpt":{"rendered":"<p>La expresidenta respondi\u00f3 a los dichos del libertario, quien acus\u00f3 a la &#8220;casta&#8221; por el fuerte incremento de la pobreza. La exmandataria tambi\u00e9n sostuvo que &#8220;el punto de partida&#8221; de este incremento ocurri\u00f3 durante el gobierno de Cambiemos.<\/p>\n","protected":false},"author":2,"featured_media":17993,"comment_status":"","ping_status":"","sticky":false,"template":"","format":"standard","meta":{"footnotes":""},"categories":[7],"tags":[],"_links":{"self":[{"href":"https:\/\/maxradio923.com.ar\/index.php\/wp-json\/wp\/v2\/posts\/17992"}],"collection":[{"href":"https:\/\/maxradio923.com.ar\/index.php\/wp-json\/wp\/v2\/posts"}],"about":[{"href":"https:\/\/maxradio923.com.ar\/index.php\/wp-json\/wp\/v2\/types\/post"}],"author":[{"embeddable":true,"href":"https:\/\/maxradio923.com.ar\/index.php\/wp-json\/wp\/v2\/users\/2"}],"replies":[{"embeddable":true,"href":"https:\/\/maxradio923.com.ar\/index.php\/wp-json\/wp\/v2\/comments?post=17992"}],"version-history":[{"count":0,"href":"https:\/\/maxradio923.com.ar\/index.php\/wp-json\/wp\/v2\/posts\/17992\/revisions"}],"wp:featuredmedia":[{"embeddable":true,"href":"https:\/\/maxradio923.com.ar\/index.php\/wp-json\/wp\/v2\/media\/17993"}],"wp:attachment":[{"href":"https:\/\/maxradio923.com.ar\/index.php\/wp-json\/wp\/v2\/media?parent=17992"}],"wp:term":[{"taxonomy":"category","embeddable":true,"href":"https:\/\/maxradio923.com.ar\/index.php\/wp-json\/wp\/v2\/categories?post=17992"},{"taxonomy":"post_tag","embeddable":true,"href":"https:\/\/maxradio923.com.ar\/index.php\/wp-json\/wp\/v2\/tags?post=17992"}],"curies":[{"name":"wp","href":"https:\/\/api.w.org\/{rel}","templated":true}]}}