{"id":17984,"date":"2024-02-19T10:07:26","date_gmt":"2024-02-19T13:07:26","guid":{"rendered":"https:\/\/maxradio923.com.ar\/index.php\/2024\/02\/19\/gobierno-evalua-cesion-del-edificio-9-de-julio-al-poder-judicial\/"},"modified":"2024-02-19T10:07:26","modified_gmt":"2024-02-19T13:07:26","slug":"gobierno-evalua-cesion-del-edificio-9-de-julio-al-poder-judicial","status":"publish","type":"post","link":"https:\/\/maxradio923.com.ar\/index.php\/2024\/02\/19\/gobierno-evalua-cesion-del-edificio-9-de-julio-al-poder-judicial\/","title":{"rendered":"Gobierno Eval\u00faa Cesi\u00f3n del Edificio 9 de Julio al Poder Judicial"},"content":{"rendered":"<p><img decoding=\"async\" src=\"https:\/\/diariod3.com\/wp-content\/uploads\/2024\/02\/dcc190224-002f07.jpg_1536916664.png\"\/>  <\/p>\n<p>El edificio, que originalmente albergaba oficinas gubernamentales y experiment\u00f3 problemas estructurales, fue destinado a la Justicia para albergar los juzgados del Fuero Civil y Laboral. Sin embargo, la nueva administraci\u00f3n est\u00e1 revisando el traspaso y las obras internas realizadas, aunque no se ha revelado cu\u00e1l podr\u00eda ser su nuevo prop\u00f3sito.<\/p>\n<p>El Ministerio de Infraestructura asegur\u00f3 que se est\u00e1n considerando todas las obras en curso, y Perea indic\u00f3: \u00abEstamos evaluando eso, eso lo decidir\u00e1 en su momento el Gobernador\u00bb. El Edificio 9 de Julio fue dise\u00f1ado para albergar el fuero Civil, Laboral y de Familia, as\u00ed como la Justicia de Paz de Capital, primera instancia y C\u00e1mara, y las salas de audiencias de oralidad. Si la cesi\u00f3n se revierte, el Poder Judicial continuar\u00e1 alquilando inmuebles para estas dependencias.<\/p>\n<p>La historia de la infraestructura judicial en San Juan ha experimentado idas y vueltas a lo largo de los a\u00f1os, con proyectos como la construcci\u00f3n de una nueva Ciudad Judicial en diversos lugares, incluido el Edificio 9 de Julio. La \u00faltima decisi\u00f3n estar\u00e1 en manos del gobernador Orrego. Las autoridades provinciales est\u00e1n trabajando en la zona y revisando las obras realizadas hasta el momento.<\/p>\n<p><strong>Docentes Buscan Aumento Salarial y Revisi\u00f3n Peri\u00f3dica<\/strong><\/p>\n<p>Los sindicatos docentes de San Juan iniciar\u00e1n las paritarias con el nuevo gobierno de Marcelo Orrego con el objetivo de recuperar el valor de los salarios tras la inflaci\u00f3n desde diciembre. A pesar de la postura inicial del mandatario, que considera \u00abimposible\u00bb sumar una cl\u00e1usula de actualizaci\u00f3n junto con la inflaci\u00f3n, los gremios, incluyendo UDAP, UDA y AMET, buscan recomponer los salarios y dejar abierta la posibilidad de m\u00e1s subas en revisiones peri\u00f3dicas.<\/p>\n<p>En la primera reuni\u00f3n paritaria, los sindicatos discutir\u00e1n la recomposici\u00f3n salarial, considerando la inflaci\u00f3n acumulada del 25,5% en diciembre y el 20,6% en enero. Los representantes sindicales coinciden en la necesidad de una actualizaci\u00f3n acorde a los par\u00e1metros inflacionarios y esperar\u00e1n al inicio de las conversaciones para plantear un porcentaje espec\u00edfico.<\/p>\n<p>Los docentes tambi\u00e9n expresaron su preocupaci\u00f3n por la falta de convocatoria a una paritaria nacional, que establece el salario m\u00ednimo de los educadores. Adem\u00e1s del aumento salarial, los sindicatos buscar\u00e1n mantener la puerta abierta a mejoras continuas del salario, considerando la posibilidad de cl\u00e1usulas autom\u00e1ticas de actualizaci\u00f3n o revisiones bimestrales para adaptarse a la situaci\u00f3n econ\u00f3mica del pa\u00eds.<\/p>\n<p>El gobierno de Orrego enfrenta su primera paritaria con el desaf\u00edo de responder a las demandas salariales de los docentes y encontrar soluciones que satisfagan ambas partes. La negociaci\u00f3n ser\u00e1 crucial para determinar el rumbo de las relaciones laborales en el sector educativo durante la gesti\u00f3n actual.<\/p>\n<p>Op: Juan Llarena<\/p>\n<p>La entrada Gobierno Eval\u00faa Cesi\u00f3n del Edificio 9 de Julio al Poder Judicial se public\u00f3 primero en DIARIO D3 NOTICIAS | SAN JUAN ARGENTINA.<\/p>\n","protected":false},"excerpt":{"rendered":"<p>El edificio, que originalmente albergaba oficinas gubernamentales y experiment\u00f3 problemas estructurales, fue destinado a la Justicia para albergar los juzgados del Fuero Civil y Laboral. Sin embargo, la nueva administraci\u00f3n est\u00e1 revisando el traspaso y las obras internas realizadas, aunque no se ha revelado cu\u00e1l podr\u00eda ser su nuevo prop\u00f3sito.<br \/>\n El Ministerio de Infraestructura asegur\u00f3 que se est\u00e1n considerando todas las obras en curso, y Perea indic\u00f3: \u00abEstamos evaluando eso, eso lo decidir\u00e1 en su momento el Gobernador\u00bb. El Edificio 9 de Julio fue dise\u00f1ado para albergar el fuero Civil, Laboral y de Familia, as\u00ed como la Justicia de Paz de Capital, primera instancia y C\u00e1mara, y las salas de audiencias de oralidad. Si la cesi\u00f3n se revierte, el Poder Judicial continuar\u00e1 alquilando inmuebles para estas dependencias.<br \/>\n La historia de la infraestructura judicial en San Juan ha experimentado idas y vueltas a lo largo de los a\u00f1os, con proyectos como la construcci\u00f3n de una nueva Ciudad Judicial en ..<\/p>\n","protected":false},"author":2,"featured_media":17985,"comment_status":"","ping_status":"","sticky":false,"template":"","format":"standard","meta":{"footnotes":""},"categories":[8],"tags":[],"_links":{"self":[{"href":"https:\/\/maxradio923.com.ar\/index.php\/wp-json\/wp\/v2\/posts\/17984"}],"collection":[{"href":"https:\/\/maxradio923.com.ar\/index.php\/wp-json\/wp\/v2\/posts"}],"about":[{"href":"https:\/\/maxradio923.com.ar\/index.php\/wp-json\/wp\/v2\/types\/post"}],"author":[{"embeddable":true,"href":"https:\/\/maxradio923.com.ar\/index.php\/wp-json\/wp\/v2\/users\/2"}],"replies":[{"embeddable":true,"href":"https:\/\/maxradio923.com.ar\/index.php\/wp-json\/wp\/v2\/comments?post=17984"}],"version-history":[{"count":0,"href":"https:\/\/maxradio923.com.ar\/index.php\/wp-json\/wp\/v2\/posts\/17984\/revisions"}],"wp:featuredmedia":[{"embeddable":true,"href":"https:\/\/maxradio923.com.ar\/index.php\/wp-json\/wp\/v2\/media\/17985"}],"wp:attachment":[{"href":"https:\/\/maxradio923.com.ar\/index.php\/wp-json\/wp\/v2\/media?parent=17984"}],"wp:term":[{"taxonomy":"category","embeddable":true,"href":"https:\/\/maxradio923.com.ar\/index.php\/wp-json\/wp\/v2\/categories?post=17984"},{"taxonomy":"post_tag","embeddable":true,"href":"https:\/\/maxradio923.com.ar\/index.php\/wp-json\/wp\/v2\/tags?post=17984"}],"curies":[{"name":"wp","href":"https:\/\/api.w.org\/{rel}","templated":true}]}}